{"id":20102,"date":"2020-11-15T18:30:37","date_gmt":"2020-11-16T00:30:37","guid":{"rendered":"http:\/\/www.zonaroja.com.mx\/?p=20102"},"modified":"2020-11-15T18:30:41","modified_gmt":"2020-11-16T00:30:41","slug":"urgen-mejorar-emision-de-medidas-de-proteccion-para-las-victimas-de-violencia","status":"publish","type":"post","link":"https:\/\/zonaroja.com.mx\/?p=20102","title":{"rendered":"Urgen mejorar emisi\u00f3n de medidas de protecci\u00f3n para las v\u00edctimas de violencia"},"content":{"rendered":"\n<p>Evlin Arag\u00f3n\/Zona Roja.<\/p>\n\n\n\n<p>Oaxaca de Ju\u00e1rez, Oax., 15 de noviembre de 2020.- La diputada local por Morena, Elisa Zepeda Lagunas, demand\u00f3 que las autoridades estatales emitan a la brevedad las \u00f3rdenes de protecci\u00f3n a favor de las mujeres v\u00edctimas de la violencia y adem\u00e1s se sancione al funcionariado p\u00fablico que sea omisos en estos casos.<\/p>\n\n\n\n<p>Lo anterior, mediante una iniciativa presentada al interior del Congreso local, que propone la adici\u00f3n de un p\u00e1rrafo al art\u00edculo 178 del C\u00f3digo Penal del Estado Libre y Soberano de Oaxaca que contempla la sanci\u00f3n de quienes desobedezcan, violen o infrinjan una orden de protecci\u00f3n decretada por actos de violencia contra las mujeres.<\/p>\n\n\n\n<p>Para la legisladora, dicha propuesta busca crear las condiciones que garanticen justicia, paz y tranquilidad a las mujeres v\u00edctimas de violencia, en el entendido que el Estado est\u00e1 obligado a cumplir los tratados internacionales que proponen la prevenci\u00f3n, atenci\u00f3n, sanci\u00f3n y erradicaci\u00f3n de la violencia de g\u00e9nero.&nbsp;<\/p>\n\n\n\n<p>\u201cTodo aquel que desobedezca, viole o infrinja una orden de protecci\u00f3n decretada por actos de violencia contra las mujeres, se impondr\u00e1 una multa de dos a cinco a\u00f1os de prisi\u00f3n y una multa de 50 a 100 veces la unidad de medida y actualizaci\u00f3n vigente\u201d, refiere el p\u00e1rrafo que se busca adicionar.<\/p>\n\n\n\n<p>Record\u00f3 que la Organizaci\u00f3n de la Naciones Unidas y el comit\u00e9 de la Convenci\u00f3n sobre la Eliminaci\u00f3n de toda forma de Discriminaci\u00f3n contra la Mujer, exhortaron al Estado mexicano a acelerar la aplicaci\u00f3n de las \u00f3rdenes de protecci\u00f3n en el plano estatal, garantizar que las autoridades sean consiente de la importancia de emitir dicho mecanismo para proteger a las mujeres que se enfrentan a la violencia de g\u00e9nero.&nbsp;<\/p>\n\n\n\n<p>De ah\u00ed que la 64 Legislatura haya aprobado recientemente la modificaci\u00f3n al art\u00edculo 209 del C\u00f3digo Penal que establece como abuso de autoridad la omisi\u00f3n de dictar debidamente las ordenes d protecci\u00f3n preventiva por violencia contra las mujeres.<\/p>\n\n\n\n<p>\u201cEn el estado de Oaxaca no existe informaci\u00f3n de cuantas ordenes de aprensi\u00f3n han sido solicitadas y han sido procedidas a las v\u00edctimas de violencia, en contraste tenemos que el delito m\u00e1s denunciado ante los Ministerios P\u00fablicos es el de violencia intrafamiliar\u201d indic\u00f3.&nbsp;&nbsp;<\/p>\n\n\n\n<p>Zepeda Lagunas record\u00f3 que, de acuerdo con el \u00cdndice Global de Impunidad, Oaxaca es uno de los estados con la impunidad m\u00e1s alta, es decir que, aunque las mujeres denuncien, las autoridades no responden con justicia pronta. &nbsp;<\/p>\n\n\n\n<p>As\u00ed mismo, que con la pandemia y el resguardo domiciliario que se deriv\u00f3 de la misma, se incrementaron las denuncias de violencia al interior de los hogares en todo el mundo, M\u00e9xico no fue la excepci\u00f3n. De ah\u00ed la necesidad de mejorar el procedimiento para decretar \u00f3rdenes de protecci\u00f3n a favor de las mujeres.&nbsp;&nbsp;<\/p>\n","protected":false},"excerpt":{"rendered":"<p>Evlin Arag\u00f3n\/Zona Roja. Oaxaca de Ju\u00e1rez, Oax., 15 de noviembre de 2020.- La diputada local&hellip;<\/p>\n","protected":false},"author":2,"featured_media":20103,"comment_status":"closed","ping_status":"open","sticky":false,"template":"","format":"standard","meta":{"_lmt_disableupdate":"","_lmt_disable":"","_jetpack_memberships_contains_paid_content":false,"footnotes":""},"categories":[109,46],"tags":[215],"class_list":["post-20102","post","type-post","status-publish","format-standard","has-post-thumbnail","hentry","category-minuto-a-minuto","category-zona-blanca","tag-elisa-zepeda-lagunas"],"jetpack_featured_media_url":"https:\/\/zonaroja.com.mx\/wp-content\/uploads\/2020\/11\/Elisa-Zepeda-L-1.jpg","jetpack_sharing_enabled":true,"_links":{"self":[{"href":"https:\/\/zonaroja.com.mx\/index.php?rest_route=\/wp\/v2\/posts\/20102","targetHints":{"allow":["GET"]}}],"collection":[{"href":"https:\/\/zonaroja.com.mx\/index.php?rest_route=\/wp\/v2\/posts"}],"about":[{"href":"https:\/\/zonaroja.com.mx\/index.php?rest_route=\/wp\/v2\/types\/post"}],"author":[{"embeddable":true,"href":"https:\/\/zonaroja.com.mx\/index.php?rest_route=\/wp\/v2\/users\/2"}],"replies":[{"embeddable":true,"href":"https:\/\/zonaroja.com.mx\/index.php?rest_route=%2Fwp%2Fv2%2Fcomments&post=20102"}],"version-history":[{"count":1,"href":"https:\/\/zonaroja.com.mx\/index.php?rest_route=\/wp\/v2\/posts\/20102\/revisions"}],"predecessor-version":[{"id":20104,"href":"https:\/\/zonaroja.com.mx\/index.php?rest_route=\/wp\/v2\/posts\/20102\/revisions\/20104"}],"wp:featuredmedia":[{"embeddable":true,"href":"https:\/\/zonaroja.com.mx\/index.php?rest_route=\/wp\/v2\/media\/20103"}],"wp:attachment":[{"href":"https:\/\/zonaroja.com.mx\/index.php?rest_route=%2Fwp%2Fv2%2Fmedia&parent=20102"}],"wp:term":[{"taxonomy":"category","embeddable":true,"href":"https:\/\/zonaroja.com.mx\/index.php?rest_route=%2Fwp%2Fv2%2Fcategories&post=20102"},{"taxonomy":"post_tag","embeddable":true,"href":"https:\/\/zonaroja.com.mx\/index.php?rest_route=%2Fwp%2Fv2%2Ftags&post=20102"}],"curies":[{"name":"wp","href":"https:\/\/api.w.org\/{rel}","templated":true}]}}