{"id":20109,"date":"2020-11-15T20:47:23","date_gmt":"2020-11-16T02:47:23","guid":{"rendered":"http:\/\/www.zonaroja.com.mx\/?p=20109"},"modified":"2020-11-15T20:47:30","modified_gmt":"2020-11-16T02:47:30","slug":"cumple-oaxaca-ocho-meses-con-covid-que-suma-22884-casos","status":"publish","type":"post","link":"https:\/\/zonaroja.com.mx\/?p=20109","title":{"rendered":"Cumple Oaxaca ocho meses con Covid, que suma 22,884 casos"},"content":{"rendered":"\n<p>Redacci\u00f3n\/Zona Roja.<\/p>\n\n\n\n<p>Oaxaca de Ju\u00e1rez, Oax. 15 de noviembre de 2020.- La pandemia del Covid-19 cumpli\u00f3 este s\u00e1bado ocho meses en la entidad oaxaque\u00f1a y no hay visos de disminuci\u00f3n de contagios. Los dos primeros casos ocurrieron en Oaxaca el 14 de marzo de este a\u00f1o.<\/p>\n\n\n\n<p>Este d\u00eda, el secretario de Salud del estado, Donato Casas Escamilla, inform\u00f3 que de acuerdo al informe t\u00e9cnico epidemiol\u00f3gico de la pandemia, hasta este 15 de noviembre se tienen registrados 22 mil 884 casos acumulados de Covid-19 en el estado, de los cuales 520 est\u00e1n como activos.<\/p>\n\n\n\n<p>En un comunicado, indic\u00f3 que lamentablemente del global de confirmados, mil 823 han derivado en defunciones, 628 eran mujeres y mil 195 hombres, cuatro m\u00e1s que el d\u00eda de ayer.<\/p>\n\n\n\n<p>Respecto al an\u00e1lisis por grupo de edad, las personas mayores de 65 a\u00f1os, son los que principalmente est\u00e1n falleciendo por el nuevo coronavirus con 827 decesos, cifra que representa el 45.4% de total de muertes.<\/p>\n\n\n\n<p>De \u00e9ste reporte, 903 p\u00e9rdidas fatales corresponden a Valles Centrales, 314 al Istmo, 267 a Tuxtepec, 157 a la Mixteca, 117 a la Costa y 65 a la Sierra.<\/p>\n\n\n\n<p>Refiri\u00f3 que este domingo se tiene un acumulado de 20 mil 546 pacientes que se han recuperado, nueve mil 929 son negativos y tres mil 543 se encuentran como sospechosos; a la fecha existe un global de 36 mil 356 notificaciones.<\/p>\n\n\n\n<p>El titular de los Servicios de Salud de Oaxaca (SSO) especific\u00f3 que hay un acumulado de 10 mil 587 mujeres se han contagiado de la enfermedad respiratoria, cifra que representan el 46% del total de casos, as\u00ed como 12 mil 297 hombres, que corresponden al 54%.<\/p>\n\n\n\n<p>Declar\u00f3 que en las \u00faltimas 24 horas se contabilizaron dos nuevos casos, uno en Oaxaca de Ju\u00e1rez con lo que suma un global de seis mil 435 contagios y uno m\u00e1s en San Pedro Mixtepec Distrito 22, para sumar 230 acumulados.<\/p>\n\n\n\n<p>Resalt\u00f3 que las cifras de casos positivos desde el inicio de la pandemia en el territorio oaxaque\u00f1o, se concentran de la siguiente manera: Valles Centrales notific\u00f3 15 mil 221, Istmo dos mil 268, Tuxtepec mil 857, Mixteca mil 689, Costa mil 177 y Sierra 672.<\/p>\n\n\n\n<p>El responsable de la instituci\u00f3n estatal, se\u00f1al\u00f3 que del personal de Salud que ha salido positivo a Covid-19, 957 son m\u00e9dicos, mil 245 profesionales de la enfermer\u00eda y 971 de otros perfiles del sector.<\/p>\n\n\n\n<p>Puntualiz\u00f3 que este domingo, la red hospitalaria se encuentra al 32.4% de ocupaci\u00f3n de camas para pacientes que presentan complicaciones por el padecimiento infeccioso, de esta cifra 37% corresponde a camas sin ventilador y 24.7% a terapia intensiva.<\/p>\n\n\n\n<p>Casas Escamilla expuso que la instrucci\u00f3n del gobernador Alejandro Murat Hinojosa, es garantizar la atenci\u00f3n m\u00e9dica, ante lo cual desde el inicio de la pandemia se duplic\u00f3 el n\u00famero de camas en los hospitales especiales para la atenci\u00f3n de la emergencia sanitaria, con lo que se crean espacios para seguir salvando vida.<\/p>\n\n\n\n<p>Finalmente record\u00f3 a la ciudadan\u00eda sobre la importancia de asumir con responsabilidad las acciones de protecci\u00f3n sanitaria, \u201cla pandemia por COVID-19 contin\u00faa siendo un riesgo para la salud de todas y todos, pero podemos reducir los contagio al usar de manera correcta el cubrebocas siempre en el espacio p\u00fablico, as\u00ed como el lavado de manos de manera frecuente, evitar salidas innecesarias de los hogares, principalmente las personas adultas mayores, pacientes con enfermedades cr\u00f3nicas y mujeres embarazadas\u201d.<\/p>\n","protected":false},"excerpt":{"rendered":"<p>Redacci\u00f3n\/Zona Roja. Oaxaca de Ju\u00e1rez, Oax. 15 de noviembre de 2020.- La pandemia del Covid-19&hellip;<\/p>\n","protected":false},"author":2,"featured_media":20110,"comment_status":"closed","ping_status":"open","sticky":false,"template":"","format":"standard","meta":{"_lmt_disableupdate":"","_lmt_disable":"","_jetpack_memberships_contains_paid_content":false,"footnotes":""},"categories":[109,47],"tags":[1512],"class_list":["post-20109","post","type-post","status-publish","format-standard","has-post-thumbnail","hentry","category-minuto-a-minuto","category-zona-gris","tag-coronavirus-oaxaca"],"jetpack_featured_media_url":"https:\/\/zonaroja.com.mx\/wp-content\/uploads\/2020\/11\/SSO-1-8.jpeg","jetpack_sharing_enabled":true,"_links":{"self":[{"href":"https:\/\/zonaroja.com.mx\/index.php?rest_route=\/wp\/v2\/posts\/20109","targetHints":{"allow":["GET"]}}],"collection":[{"href":"https:\/\/zonaroja.com.mx\/index.php?rest_route=\/wp\/v2\/posts"}],"about":[{"href":"https:\/\/zonaroja.com.mx\/index.php?rest_route=\/wp\/v2\/types\/post"}],"author":[{"embeddable":true,"href":"https:\/\/zonaroja.com.mx\/index.php?rest_route=\/wp\/v2\/users\/2"}],"replies":[{"embeddable":true,"href":"https:\/\/zonaroja.com.mx\/index.php?rest_route=%2Fwp%2Fv2%2Fcomments&post=20109"}],"version-history":[{"count":1,"href":"https:\/\/zonaroja.com.mx\/index.php?rest_route=\/wp\/v2\/posts\/20109\/revisions"}],"predecessor-version":[{"id":20111,"href":"https:\/\/zonaroja.com.mx\/index.php?rest_route=\/wp\/v2\/posts\/20109\/revisions\/20111"}],"wp:featuredmedia":[{"embeddable":true,"href":"https:\/\/zonaroja.com.mx\/index.php?rest_route=\/wp\/v2\/media\/20110"}],"wp:attachment":[{"href":"https:\/\/zonaroja.com.mx\/index.php?rest_route=%2Fwp%2Fv2%2Fmedia&parent=20109"}],"wp:term":[{"taxonomy":"category","embeddable":true,"href":"https:\/\/zonaroja.com.mx\/index.php?rest_route=%2Fwp%2Fv2%2Fcategories&post=20109"},{"taxonomy":"post_tag","embeddable":true,"href":"https:\/\/zonaroja.com.mx\/index.php?rest_route=%2Fwp%2Fv2%2Ftags&post=20109"}],"curies":[{"name":"wp","href":"https:\/\/api.w.org\/{rel}","templated":true}]}}