{"id":20115,"date":"2020-11-16T07:47:50","date_gmt":"2020-11-16T13:47:50","guid":{"rendered":"http:\/\/www.zonaroja.com.mx\/?p=20115"},"modified":"2020-11-16T07:47:53","modified_gmt":"2020-11-16T13:47:53","slug":"en-dia-de-cuarto-informe-un-asesinado-asaltos-y-agresion-armada-en-antro","status":"publish","type":"post","link":"https:\/\/zonaroja.com.mx\/?p=20115","title":{"rendered":"En d\u00eda de Cuarto Informe: un asesinado, asaltos y agresi\u00f3n armada en antro"},"content":{"rendered":"\n<p>Ismael Garc\u00eda M.\/Zona Roja.<\/p>\n\n\n\n<p>Oaxaca de Ju\u00e1rez, Oax., 16 de noviembre de 2020.- Una persona asesinada, una ri\u00f1a y agresi\u00f3n armada con saldo de una mujer lesionada y varios asaltos a gasolineras y comercios, es el saldo de los hechos violentos ocurridos este 15 de noviembre, d\u00eda del Cuarto Informe del gobernador Alejandro Murat.<\/p>\n\n\n\n<p>La jornada comenz\u00f3 durante la madrugada, en el antro denominado \u201cLola\u201d de la colonia Reforma de la ciudad de Oaxaca, en que se suscit\u00f3 una ri\u00f1a y disparos de arma de fuego, que dej\u00f3 como saldo preliminar una joven lesionada de gravedad, identificada como Andrea S\u00e1nchez, quien fue trasladada a un hospital.<\/p>\n\n\n\n<p>Tras ello se registr\u00f3 una persecuci\u00f3n entre participantes en los hechos violentos, que culmin\u00f3 en la calle Licenciado Primo Verdad casi esquina con calzada de la Rep\u00fablica, cerca del parque \u201cEl Llano\u201d, sin que acudieran elementos de la Polic\u00eda Municipal.<\/p>\n\n\n\n<p>Despu\u00e9s del mediod\u00eda de ayer arribaron elementos de la Fiscal\u00eda General del Estado para resguardar evidencias e iniciar investigaciones; sin embargo, del caso se guarda hermetismo.<\/p>\n\n\n\n<figure class=\"wp-block-embed-twitter wp-block-embed is-type-rich is-provider-twitter\"><div class=\"wp-block-embed__wrapper\">\n<div class=\"twitter-tweet\"><blockquote class=\"twitter-tweet\" data-lang=\"es\"><p lang=\"es\" dir=\"ltr\"><a href=\"https:\/\/twitter.com\/hashtag\/OaxacaRojo?src=hash&amp;ref_src=twsrc%5Etfw\">#OaxacaRojo<\/a> <br>En hermetismo se mantiene una agresi\u00f3n armada la madrugada de ayer en un bar en la ciudad de <a href=\"https:\/\/twitter.com\/hashtag\/Oaxaca?src=hash&amp;ref_src=twsrc%5Etfw\">#Oaxaca<\/a> y posterior persecuci\u00f3n hasta la calle Primo Verdad. <br>Elementos del <a href=\"https:\/\/twitter.com\/MunicipioOaxaca?ref_src=twsrc%5Etfw\">@MunicipioOaxaca<\/a> nunca atendieron y personal de la <a href=\"https:\/\/twitter.com\/FISCALIA_GobOax?ref_src=twsrc%5Etfw\">@FISCALIA_GobOax<\/a> indag\u00f3 hasta el mediod\u00eda. <a href=\"https:\/\/t.co\/buYMhrk27d\">pic.twitter.com\/buYMhrk27d<\/a><\/p>&mdash; Zona Roja Oaxaca (@MexRoja) <a href=\"https:\/\/twitter.com\/MexRoja\/status\/1328332473919545350?ref_src=twsrc%5Etfw\">16 de noviembre de 2020<\/a><\/blockquote><\/div>\n<\/div><\/figure>\n\n\n\n<p>Otras dos agresiones ocurrieron en la capital oaxaque\u00f1a, una de ellas en contra de una persona masculina en la calle D\u00edaz Ordaz del Centro Hist\u00f3rico, cuya v\u00edctima fue trasladada a un hospital.<\/p>\n\n\n\n<p>En tanto que en el Perif\u00e9rico, frente al Mercado de Abasto, fue agredido a golpes un individuo, identificado como Gerardo R. C., de 56 a\u00f1os de edad, por parte de sujetos desconocidos, quienes lograron darse a la fuga.<\/p>\n\n\n\n<p>Mientras tanto, en Santiago Astata, municipio istme\u00f1o, una persona del sexo masculino fue asesinada a machetazos, presuntamente durante una ri\u00f1a.<\/p>\n\n\n\n<p>La v\u00edctima fue identificada como Ulises Sim\u00f3n Sosa quien fue herido en la cabeza presuntamente por Taurino N., quien fue detenido por elementos de la polic\u00eda municipal y entregado al Ministerio P\u00fablico.<\/p>\n\n\n\n<p>A su vez, en San Juan Bautista Tuxtepec la semana cerr\u00f3 con al menos cuatro asaltos, a tiendas comerciales y gasoliner\u00edas, en San Juan Bautista Tuxtepec; entre ellos, tiendas Oxxo en la colonia La Piragua y en el bulevar Benito Ju\u00e1rez.<\/p>\n","protected":false},"excerpt":{"rendered":"<p>Ismael Garc\u00eda M.\/Zona Roja. Oaxaca de Ju\u00e1rez, Oax., 16 de noviembre de 2020.- Una persona&hellip;<\/p>\n","protected":false},"author":2,"featured_media":20116,"comment_status":"closed","ping_status":"open","sticky":false,"template":"","format":"standard","meta":{"_lmt_disableupdate":"","_lmt_disable":"","_jetpack_memberships_contains_paid_content":false,"footnotes":""},"categories":[109,51],"tags":[1254],"class_list":["post-20115","post","type-post","status-publish","format-standard","has-post-thumbnail","hentry","category-minuto-a-minuto","category-zona-roja","tag-santiago-astata"],"jetpack_featured_media_url":"https:\/\/zonaroja.com.mx\/wp-content\/uploads\/2020\/11\/Rina-y-persecusion-bar-Oaxaca.jpg","jetpack_sharing_enabled":true,"_links":{"self":[{"href":"https:\/\/zonaroja.com.mx\/index.php?rest_route=\/wp\/v2\/posts\/20115","targetHints":{"allow":["GET"]}}],"collection":[{"href":"https:\/\/zonaroja.com.mx\/index.php?rest_route=\/wp\/v2\/posts"}],"about":[{"href":"https:\/\/zonaroja.com.mx\/index.php?rest_route=\/wp\/v2\/types\/post"}],"author":[{"embeddable":true,"href":"https:\/\/zonaroja.com.mx\/index.php?rest_route=\/wp\/v2\/users\/2"}],"replies":[{"embeddable":true,"href":"https:\/\/zonaroja.com.mx\/index.php?rest_route=%2Fwp%2Fv2%2Fcomments&post=20115"}],"version-history":[{"count":1,"href":"https:\/\/zonaroja.com.mx\/index.php?rest_route=\/wp\/v2\/posts\/20115\/revisions"}],"predecessor-version":[{"id":20117,"href":"https:\/\/zonaroja.com.mx\/index.php?rest_route=\/wp\/v2\/posts\/20115\/revisions\/20117"}],"wp:featuredmedia":[{"embeddable":true,"href":"https:\/\/zonaroja.com.mx\/index.php?rest_route=\/wp\/v2\/media\/20116"}],"wp:attachment":[{"href":"https:\/\/zonaroja.com.mx\/index.php?rest_route=%2Fwp%2Fv2%2Fmedia&parent=20115"}],"wp:term":[{"taxonomy":"category","embeddable":true,"href":"https:\/\/zonaroja.com.mx\/index.php?rest_route=%2Fwp%2Fv2%2Fcategories&post=20115"},{"taxonomy":"post_tag","embeddable":true,"href":"https:\/\/zonaroja.com.mx\/index.php?rest_route=%2Fwp%2Fv2%2Ftags&post=20115"}],"curies":[{"name":"wp","href":"https:\/\/api.w.org\/{rel}","templated":true}]}}