{"id":20120,"date":"2020-11-16T10:53:17","date_gmt":"2020-11-16T16:53:17","guid":{"rendered":"http:\/\/www.zonaroja.com.mx\/?p=20120"},"modified":"2020-11-16T10:53:23","modified_gmt":"2020-11-16T16:53:23","slug":"cuadernos-de-la-pandemia-apuesta-por-llamado-a-ciudadania-responsable","status":"publish","type":"post","link":"https:\/\/zonaroja.com.mx\/?p=20120","title":{"rendered":"\u201cCuadernos de la Pandemia\u201d apuesta por llamado a ciudadan\u00eda responsable"},"content":{"rendered":"\n<p>Evlin Arag\u00f3n\/Zona Roja.<\/p>\n\n\n\n<p>Oaxaca de Ju\u00e1rez, Oax., 16 de noviembre de 2020.- Con todo y las alentadoras declaraciones que emiti\u00f3 ayer el gobernador Alejandro Murat, como parte de su Cuarto Informe, en torno a la contingencia sanitaria, las cifras al alza y las consecuencias de la misma siguen siendo retratadas en los \u201cCuadernos de la Pandemia\u201d, que en esta d\u00e9cima quinta edici\u00f3n retoma el llamado a la ciudadan\u00eda para blindarse por cuenta propia.&nbsp;<\/p>\n\n\n\n<p>Lo anterior ante la incapacidad y falta de voluntad por parte de las autoridades de los tres \u00f3rdenes de gobierno para promover pol\u00edticas y acciones contundes que frenen el avance incontenible de la pandemia que ha superado el mill\u00f3n de contagios a nivel nacional y m\u00e1s de 22 mil en la entidad.&nbsp;<\/p>\n\n\n\n<p>\u201cOaxaca es claro ejemplo de esta ruta fallida y las evidencias no solamente se expresan en las propias estad\u00edsticas que d\u00eda tras d\u00eda publican los SSO y que, por cierto, nunca coinciden con las que presenta el gobierno federal, sino en las denuncias ciudadanas e institucionales que todos los d\u00edas se pueden leer o escuchar en los medios de informaci\u00f3n locales, regionales y\/o nacionales\u201d, refiere la revista en su m\u00e1s reciente publicaci\u00f3n.&nbsp;<\/p>\n\n\n\n<p>De ah\u00ed que insiste en la responsabilidad ciudadana, ya que con mayor frecuencia se da a conocer la realizaci\u00f3n de fiestas particulares y p\u00fablicas sin ning\u00fan tipo de medida sanitaria, as\u00ed como la concentraci\u00f3n masiva en espacios p\u00fablicos sin guardar la sana distancia ni usar cubrebocas, tal y como sucedi\u00f3 en las recientes festividades de D\u00eda de Muertos.&nbsp;<\/p>\n\n\n\n<p>Y es que de no hacerlo, los niveles de contagio seguir\u00e1n al alza en la entidad y en todo el pa\u00eds, as\u00ed como el curso letal de la pandemia en lo que resta del 2020 y todav\u00eda 2021 hasta que la vacuna anticovid, su correcta y oportuna distribuci\u00f3n se hagan realidad.<\/p>\n\n\n\n<p>Como tema importante, la revista que coordinan Isidoro Yescas y Claudio S\u00e1nchez, retoma la violencia de g\u00e9nero que, al igual que el coronavirus, no hace otra cosa m\u00e1s que crecer, incluso en tiempos de resguardo domiciliario, demostrando que ni el hogar es un espacio seguro para las mujeres y que las autoridades tambi\u00e9n han sido rebasadas en esta problem\u00e1tica que no han podido o no han querido atender.&nbsp;<\/p>\n\n\n\n<p>En esta edici\u00f3n, la publicaci\u00f3n cuenta con los textos: \u201cLas malas cuenta de un gobierno covidiano\u201d; \u201cDel Oaxaca pand\u00e9mico y el fracaso del modelo neoliberal\u201d; \u201cUn cuatrienio perdido para combatir el rezago educativo\u201d; \u201cViolencia machista y feminicidios, una pandemia tambi\u00e9n incontrolable\u201d; \u201c2016-2020: Desapariciones y violencia pol\u00edtica de g\u00e9nero\u201d.<\/p>\n\n\n\n<p>As\u00ed mismo: \u201cHasta el \u00faltimo aliento\u201d; \u201cEl \u00faltimo Obispo de los Pobres\u201d; \u201c\u2026Si el profeta eres t\u00fa\u2026; Los pasos de don Arturo\u201d; \u201cDesaf\u00edos de la educaci\u00f3n f\u00edsica por internet\u201d; \u201cEducar en tiempos de pandemia (volviendo a los cl\u00e1sicos)\u201d; \u201cCharrazo pand\u00e9mico en el SNTE\u201d; \u201cRetos de la segunda oleada del Covid-19\u201d; \u201cNuevas formas de trabajo ante la pandemia\u201d.&nbsp;<\/p>\n\n\n\n<p>Todos bajo las plumas de: Isidoro Yescas, Carlos Sorroza Polo, Samael Hern\u00e1ndez Ruiz, Patricia Brise\u00f1o Mireles, V\u00edctor Ruiz Arrazola, Guadalupe R\u00edos, Octavio V\u00e9lez Ascencio, Gerardo Garfias Ruiz, C\u00e9sar Pineda Castillo, Prometeo A. S\u00e1nchez Islas, Patricia Chi\u00f1as L\u00f3pez, Joel Vicente Cort\u00e9s, Bartolom\u00e9 Rodolfo Navarro Jim\u00e9nez, Fernando Vald\u00e9z Basulto y Claudio S\u00e1nchez Islas.<\/p>\n\n\n\n<p>Sin olvidar sus secciones ya conocidas: la Miscel\u00e1nea Pand\u00e9mica, de Claudio S\u00e1nchez Islas; y el Ensayo Fotogr\u00e1fico, de Jorge Douglas Brandon Pliego.<\/p>\n\n\n\n<p>Aqu\u00ed puede ver la edici\u00f3n completa:<\/p>\n\n\n\n<figure class=\"wp-block-embed\"><div class=\"wp-block-embed__wrapper\">\nhttps:\/\/indd.adobe.com\/view\/f5836d7c-b54f-456b-8ee0-229963764bf9\n<\/div><\/figure>\n","protected":false},"excerpt":{"rendered":"<p>Evlin Arag\u00f3n\/Zona Roja. Oaxaca de Ju\u00e1rez, Oax., 16 de noviembre de 2020.- Con todo y&hellip;<\/p>\n","protected":false},"author":2,"featured_media":20121,"comment_status":"closed","ping_status":"open","sticky":false,"template":"","format":"standard","meta":{"_lmt_disableupdate":"","_lmt_disable":"","_jetpack_memberships_contains_paid_content":false,"footnotes":""},"categories":[109,46],"tags":[1655],"class_list":["post-20120","post","type-post","status-publish","format-standard","has-post-thumbnail","hentry","category-minuto-a-minuto","category-zona-blanca","tag-cuadernos-de-la-pandemia"],"jetpack_featured_media_url":"https:\/\/zonaroja.com.mx\/wp-content\/uploads\/2020\/11\/Cuadernos-de-la-pandemia-15.png","jetpack_sharing_enabled":true,"_links":{"self":[{"href":"https:\/\/zonaroja.com.mx\/index.php?rest_route=\/wp\/v2\/posts\/20120","targetHints":{"allow":["GET"]}}],"collection":[{"href":"https:\/\/zonaroja.com.mx\/index.php?rest_route=\/wp\/v2\/posts"}],"about":[{"href":"https:\/\/zonaroja.com.mx\/index.php?rest_route=\/wp\/v2\/types\/post"}],"author":[{"embeddable":true,"href":"https:\/\/zonaroja.com.mx\/index.php?rest_route=\/wp\/v2\/users\/2"}],"replies":[{"embeddable":true,"href":"https:\/\/zonaroja.com.mx\/index.php?rest_route=%2Fwp%2Fv2%2Fcomments&post=20120"}],"version-history":[{"count":1,"href":"https:\/\/zonaroja.com.mx\/index.php?rest_route=\/wp\/v2\/posts\/20120\/revisions"}],"predecessor-version":[{"id":20122,"href":"https:\/\/zonaroja.com.mx\/index.php?rest_route=\/wp\/v2\/posts\/20120\/revisions\/20122"}],"wp:featuredmedia":[{"embeddable":true,"href":"https:\/\/zonaroja.com.mx\/index.php?rest_route=\/wp\/v2\/media\/20121"}],"wp:attachment":[{"href":"https:\/\/zonaroja.com.mx\/index.php?rest_route=%2Fwp%2Fv2%2Fmedia&parent=20120"}],"wp:term":[{"taxonomy":"category","embeddable":true,"href":"https:\/\/zonaroja.com.mx\/index.php?rest_route=%2Fwp%2Fv2%2Fcategories&post=20120"},{"taxonomy":"post_tag","embeddable":true,"href":"https:\/\/zonaroja.com.mx\/index.php?rest_route=%2Fwp%2Fv2%2Ftags&post=20120"}],"curies":[{"name":"wp","href":"https:\/\/api.w.org\/{rel}","templated":true}]}}