{"id":20123,"date":"2020-11-16T11:13:00","date_gmt":"2020-11-16T17:13:00","guid":{"rendered":"http:\/\/www.zonaroja.com.mx\/?p=20123"},"modified":"2020-11-16T11:13:03","modified_gmt":"2020-11-16T17:13:03","slug":"creciente-inseguridad-en-tuxtepec-siete-asaltos-a-comercio-en-fin-de-semana","status":"publish","type":"post","link":"https:\/\/zonaroja.com.mx\/?p=20123","title":{"rendered":"Creciente inseguridad en Tuxtepec; siete asaltos a comercio en fin de semana"},"content":{"rendered":"\n<p>Yuridiana Sosa\/Zona Roja.<\/p>\n\n\n\n<p>San Juan Bautista Tuxtepec, Oax., 16 de noviembre de 2020.- La inseguridad en Tuxtepec, en la regi\u00f3n de la Cuenca, nuevamente atemoriza a la poblaci\u00f3n ante la ola de asaltos que se desat\u00f3 durante el primer fin de semana del programa comercial \u201cBuen fin\u201d.<\/p>\n\n\n\n<p>En menos de 24 horas, se report\u00f3 la comisi\u00f3n de siete asaltos a mano armado a establecimientos en distintos puntos de la ciudad, tanto en la zona centro, como en la periferia. Entre estos, tiendas de conveniencia y gasoliner\u00edas.<\/p>\n\n\n\n<p>De forma desmedida, los hechos delictivos comenzaron el s\u00e1bado por la noche, alrededor de las 21:00 horas, donde en menos de una hora las fuerzas policiales del municipio de Tuxtepec reportaron unos seis asaltos, mientras que el domingo, cerca de las 18:00 horas, uno m\u00e1s.<\/p>\n\n\n\n<p>El primer reporte se registr\u00f3 acerca de una tienda de autoservicio en la gasolinera ubicada en el ejido de Sebastapol, sobre la cartera federal 175 Tuxtepec-Valle Nacional.<\/p>\n\n\n\n<p>Minutos despu\u00e9s, personal de una gasoliner\u00eda en la colonia Las Limas, a pocos kil\u00f3metros de la compa\u00f1\u00eda cervecera, sobre la carretera local Tuxtepec\u2013Agua Fr\u00eda, fueron asaltos, despoj\u00e1ndolos del dinero de las ventas.<\/p>\n\n\n\n<p>Seguido de un asalto a la tienda de autoservicio que se ubica en la gasoliner\u00eda de la colonia Jardines del Arroyo, en el crucero de la carretera Tuxtepec- Jalapa de D\u00edaz. De acuerdo al reporte, el robo fue por tres mil pesos, sin embargo, esta gasolinera hab\u00eda sido asaltada el viernes.<\/p>\n\n\n\n<p>Por el asalto a la tienda, el s\u00e1bado, se detuvo a una persona tras una persecuci\u00f3n en colonias cercanas a la zona. El presunto asaltante fue identificado como Sergio G. H. de 25 a\u00f1os de edad. Esta persona, fue la \u00fanica detenida por la ola de saltos, de acuerdo a lo informado por la Polic\u00eda Municipal de Tuxtepec.<\/p>\n\n\n\n<p>A\u00fan no pasaba una hora, desde el inicio de la jornada violenta, cuando los reportes por asaltos continuaron. La gasolinera en el bulevar Benito Ju\u00e1rez, en el crucero al monumento Flor de pi\u00f1a, tambi\u00e9n fue v\u00edctima del hampa.<\/p>\n\n\n\n<p>As\u00ed mismo, dos tiendas de conveniencia de la empresa Oxxo, una ubicada en la colonia Los Cobos en la carretera federal 175 Tuxtepec- Valle Nacional, y otra en el primer cuadro de la ciudad, en la avenida 20 de noviembre, frente al parque Hidalgo.<\/p>\n\n\n\n<p>Tras cada uno de los hechos delictivos las cooperaciones de la Polic\u00eda Municipal y Estatal realizaron una serie de patrullajes, sin obtener mayores resultados.<\/p>\n\n\n\n<p>Este domingo 15 de noviembre, los robos continuaron&nbsp; y cerca de las 18:00 horas otra tienda de la empresa Oxxo, ubicada en el bulevar Benito Ju\u00e1rez, frente a la Plaza Comercial, fue asaltada a mano armada. Las autoridades policiales no reportaron sobre el monto sustra\u00eddo y de la detenci\u00f3n de m\u00e1s personas.<\/p>\n\n\n\n<p>Previo a estos hechos, el jueves 12 de noviembre, tambi\u00e9n se registr\u00f3 el asalto violento con arma de fuego y con arma blanca en la tienda departamental Coppel, ubicada en la calle de Aldama, en pleno centro de este municipio.<\/p>\n\n\n\n<p>En ese acto, un empleado de la sucursal result\u00f3 herido de arma blanca y los delincuentes huyeron, no logrando su detenci\u00f3n a pesar de una movilizaci\u00f3n que llevaron a cabo patrullas municipales y estatales.<\/p>\n\n\n\n<p>La inseguridad asola a la poblaci\u00f3n de Tuxtepec, donde primero vivieron, y por al menos tres a\u00f1os consecutivos, los hechos violentos con el registro de m\u00faltiples ejecuciones cada semana; despu\u00e9s, la desaparici\u00f3n de mujeres que a\u00fan persiste y ahora, la serie de asaltos que se han incrementos de forma exponencial en las \u00faltimas semanas.<\/p>\n","protected":false},"excerpt":{"rendered":"<p>Yuridiana Sosa\/Zona Roja. San Juan Bautista Tuxtepec, Oax., 16 de noviembre de 2020.- La inseguridad&hellip;<\/p>\n","protected":false},"author":2,"featured_media":11774,"comment_status":"closed","ping_status":"open","sticky":false,"template":"","format":"standard","meta":{"_lmt_disableupdate":"","_lmt_disable":"","_jetpack_memberships_contains_paid_content":false,"footnotes":""},"categories":[109,47],"tags":[118],"class_list":["post-20123","post","type-post","status-publish","format-standard","has-post-thumbnail","hentry","category-minuto-a-minuto","category-zona-gris","tag-san-juan-bautista-tuxtepec"],"jetpack_featured_media_url":"https:\/\/zonaroja.com.mx\/wp-content\/uploads\/2020\/04\/Tuxtepec2.jpg","jetpack_sharing_enabled":true,"_links":{"self":[{"href":"https:\/\/zonaroja.com.mx\/index.php?rest_route=\/wp\/v2\/posts\/20123","targetHints":{"allow":["GET"]}}],"collection":[{"href":"https:\/\/zonaroja.com.mx\/index.php?rest_route=\/wp\/v2\/posts"}],"about":[{"href":"https:\/\/zonaroja.com.mx\/index.php?rest_route=\/wp\/v2\/types\/post"}],"author":[{"embeddable":true,"href":"https:\/\/zonaroja.com.mx\/index.php?rest_route=\/wp\/v2\/users\/2"}],"replies":[{"embeddable":true,"href":"https:\/\/zonaroja.com.mx\/index.php?rest_route=%2Fwp%2Fv2%2Fcomments&post=20123"}],"version-history":[{"count":1,"href":"https:\/\/zonaroja.com.mx\/index.php?rest_route=\/wp\/v2\/posts\/20123\/revisions"}],"predecessor-version":[{"id":20124,"href":"https:\/\/zonaroja.com.mx\/index.php?rest_route=\/wp\/v2\/posts\/20123\/revisions\/20124"}],"wp:featuredmedia":[{"embeddable":true,"href":"https:\/\/zonaroja.com.mx\/index.php?rest_route=\/wp\/v2\/media\/11774"}],"wp:attachment":[{"href":"https:\/\/zonaroja.com.mx\/index.php?rest_route=%2Fwp%2Fv2%2Fmedia&parent=20123"}],"wp:term":[{"taxonomy":"category","embeddable":true,"href":"https:\/\/zonaroja.com.mx\/index.php?rest_route=%2Fwp%2Fv2%2Fcategories&post=20123"},{"taxonomy":"post_tag","embeddable":true,"href":"https:\/\/zonaroja.com.mx\/index.php?rest_route=%2Fwp%2Fv2%2Ftags&post=20123"}],"curies":[{"name":"wp","href":"https:\/\/api.w.org\/{rel}","templated":true}]}}