{"id":20133,"date":"2020-11-16T15:37:21","date_gmt":"2020-11-16T21:37:21","guid":{"rendered":"http:\/\/www.zonaroja.com.mx\/?p=20133"},"modified":"2020-11-16T15:37:24","modified_gmt":"2020-11-16T21:37:24","slug":"reclaman-a-gobernador-ser-omiso-en-la-reconexion-del-manantial-en-ayutla","status":"publish","type":"post","link":"https:\/\/zonaroja.com.mx\/?p=20133","title":{"rendered":"Reclaman a gobernador ser omiso en la reconexi\u00f3n del manantial en Ayutla"},"content":{"rendered":"\n<p>Evlin Arag\u00f3n\/Zona Roja.<\/p>\n\n\n\n<p>Oaxaca de Ju\u00e1rez, Oax., 15 de noviembre de 2020.- \u201cEl 4 informe de Gobierno de @alejandromurat y yo les informo que, de 4 a\u00f1os de gobierno, Ayutla lleva 3 a\u00f1os sin el agua de su manantial, sin justicia para las v\u00edctimas del despojo armado de las tierras y el manantial y sin el respeto a sus derechos humanos vitales #AguaParaAyutlaYa\u201d.<\/p>\n\n\n\n<p>Es el tuit de Joaqu\u00edn Galv\u00e1n, habitante de San Pedro y San Pablo Ayutla y activista por los derechos de las comunidades ind\u00edgenas, con el que reclama que el mandatario estatal presumiera el acceso al agua potable como parte de sus obras de infraestructura en el marco de su informe, pero a\u00fan no de soluci\u00f3n a la exigencia del municipio Mixe.<\/p>\n\n\n\n<p>As\u00ed mismo, record\u00f3 la problem\u00e1tica que viven las y los habitantes de la zona, quienes en plena pandemia &#8211;donde se pide el lavado constante de manos&#8211; y pese a contar con una resoluci\u00f3n judicial a su favor, contin\u00faan sin el acceso al vital l\u00edquido.&nbsp;<\/p>\n\n\n\n<p>Hace apenas unos d\u00edas y tambi\u00e9n a trav\u00e9s de sus redes sociales, Joaqu\u00edn Galv\u00e1n evoc\u00f3 que la comunidad exige a los responsables la reconexi\u00f3n inmediata y sin condiciones a su manantial, de acuerdo con la resoluci\u00f3n judicial 795\/2017.&nbsp;<\/p>\n\n\n\n<p>\u201cEl agua es fuente de vida, parte de nuestra esencia; por lo tanto, no se vende, no se intercambia y no est\u00e1 sujeta a ninguna negociaci\u00f3n\u201d, refiere una lona que se ubica en el palacio municipal de la localidad.&nbsp;<\/p>\n\n\n\n<p>Fue el pasado 30 de julio que el Juez Tercero de Distrito en el Estado de Oaxaca, resolvi\u00f3 y dict\u00f3 sentencia en el juicio de amparo n\u00famero 795\/2017, ah\u00ed determin\u00f3 que las conductas de las autoridades responsables son injustificadas y violatorias del derecho humano al agua de la comunidad de Ayutla.<\/p>\n\n\n\n<p>Por lo anterior mandat\u00f3 que se restituya a la comunidad el pleno goce del derecho al agua, adoptando las medidas urgentes e indispensables para garantizarlo y se realice la reconexi\u00f3n al manantial para abastecer a la comunidad.<\/p>\n\n\n\n<p>Sin embargo, el gobierno de Oaxaca se ha negado a cumplir con la resoluci\u00f3n judicial argumentando un conflicto agrario y proponiendo la perforaci\u00f3n de un pozo profundo, con una inversi\u00f3n de 4.9 millones de pesos, que busca dotar de agua suficiente y de calidad a la poblaci\u00f3n, mismo que fue rechazado por la autoridad municipal que insiste en la reconexi\u00f3n directa al manantial.&nbsp;<\/p>\n","protected":false},"excerpt":{"rendered":"<p>Evlin Arag\u00f3n\/Zona Roja. Oaxaca de Ju\u00e1rez, Oax., 15 de noviembre de 2020.- \u201cEl 4 informe&hellip;<\/p>\n","protected":false},"author":2,"featured_media":10619,"comment_status":"closed","ping_status":"open","sticky":false,"template":"","format":"standard","meta":{"_lmt_disableupdate":"","_lmt_disable":"","_jetpack_memberships_contains_paid_content":false,"footnotes":""},"categories":[109,47],"tags":[501],"class_list":["post-20133","post","type-post","status-publish","format-standard","has-post-thumbnail","hentry","category-minuto-a-minuto","category-zona-gris","tag-san-pedro-y-san-pablo-ayutla-mixe"],"jetpack_featured_media_url":"https:\/\/zonaroja.com.mx\/wp-content\/uploads\/2020\/04\/Agua-para-Ayutla1.jpg","jetpack_sharing_enabled":true,"_links":{"self":[{"href":"https:\/\/zonaroja.com.mx\/index.php?rest_route=\/wp\/v2\/posts\/20133","targetHints":{"allow":["GET"]}}],"collection":[{"href":"https:\/\/zonaroja.com.mx\/index.php?rest_route=\/wp\/v2\/posts"}],"about":[{"href":"https:\/\/zonaroja.com.mx\/index.php?rest_route=\/wp\/v2\/types\/post"}],"author":[{"embeddable":true,"href":"https:\/\/zonaroja.com.mx\/index.php?rest_route=\/wp\/v2\/users\/2"}],"replies":[{"embeddable":true,"href":"https:\/\/zonaroja.com.mx\/index.php?rest_route=%2Fwp%2Fv2%2Fcomments&post=20133"}],"version-history":[{"count":1,"href":"https:\/\/zonaroja.com.mx\/index.php?rest_route=\/wp\/v2\/posts\/20133\/revisions"}],"predecessor-version":[{"id":20134,"href":"https:\/\/zonaroja.com.mx\/index.php?rest_route=\/wp\/v2\/posts\/20133\/revisions\/20134"}],"wp:featuredmedia":[{"embeddable":true,"href":"https:\/\/zonaroja.com.mx\/index.php?rest_route=\/wp\/v2\/media\/10619"}],"wp:attachment":[{"href":"https:\/\/zonaroja.com.mx\/index.php?rest_route=%2Fwp%2Fv2%2Fmedia&parent=20133"}],"wp:term":[{"taxonomy":"category","embeddable":true,"href":"https:\/\/zonaroja.com.mx\/index.php?rest_route=%2Fwp%2Fv2%2Fcategories&post=20133"},{"taxonomy":"post_tag","embeddable":true,"href":"https:\/\/zonaroja.com.mx\/index.php?rest_route=%2Fwp%2Fv2%2Ftags&post=20133"}],"curies":[{"name":"wp","href":"https:\/\/api.w.org\/{rel}","templated":true}]}}