{"id":20135,"date":"2020-11-16T18:43:05","date_gmt":"2020-11-17T00:43:05","guid":{"rendered":"http:\/\/www.zonaroja.com.mx\/?p=20135"},"modified":"2020-11-16T18:43:10","modified_gmt":"2020-11-17T00:43:10","slug":"nos-ha-fallado-a-ratos-el-gobernador-arzobispo-de-antequera-oaxaca","status":"publish","type":"post","link":"https:\/\/zonaroja.com.mx\/?p=20135","title":{"rendered":"\u201cNos ha fallado a ratos el gobernador\u201d: Arzobispo de Antequera Oaxaca"},"content":{"rendered":"\n<p>Yuridiana Sosa\/Zona Roja.<\/p>\n\n\n\n<p>Oaxaca de Ju\u00e1rez, Oax., 16 de noviembre de 2020.- El Arzobispo de Antequera Oaxaca, Pedro V\u00e1zquez Villalobos, reconoci\u00f3 que el gobernador Alejandro Murat Hinojosa ha fallado, a ratos, a los oaxaque\u00f1os en su estrategia para dirigir el rumbo de la entidad.<\/p>\n\n\n\n<p>As\u00ed lo dijo durante su homil\u00eda de ayer, en la que habl\u00f3 sobre el correcto comportamiento y hacer el bien al pr\u00f3jimo, tanto por parte de la ciudadana como de las autoridades y de los mismos sacerdotes.<\/p>\n\n\n\n<p>\u201cNo nos pongamos a decir: nombre, hubiera venido el gobernador despu\u00e9s de su informe, hubiera venido a la catedral para dar gracias a Dios y para que el obispo le dijera que sea un siervo bueno y fiel\u201d, dijo el Arzobispo ante los feligreses.<\/p>\n\n\n\n<p>Pero Monse\u00f1or tambi\u00e9n se\u00f1al\u00f3 sobre la expresi\u00f3n que la ciudad ha mostrado a cuatro a\u00f1os de gobierno estatal.<\/p>\n\n\n\n<p>\u201cNos ha fallado a ratos\u201d, dijo. Y agreg\u00f3: \u201cUsted tal vez me diga: \u00bfa ratos se\u00f1or obispo? como pregunt\u00e1ndose, \u00bfa ratos?\u201d.<\/p>\n\n\n\n<p>V\u00e1squez Villalobos confi\u00f3 que sus palabras lleguen a o\u00eddos de Murat Hinojosa: \u201cSi eso le ayuda a mi gobernador a ser mejor y a los presidentes municipales y a m\u00ed mismo para hacer mejor, bendito Dios\u201d.<\/p>\n\n\n\n<p>El Arzobispo lament\u00f3 que en diferentes ocasiones recibe comentarios de las poblaciones que se sienten decepcionados por las autoridades que eligieron.<\/p>\n\n\n\n<p>\u201cQu\u00e9 bueno que me dijeran que Dios los ha bendecido por tener buenas autoridades municipales y autoridades que trabajan por el bien del pueblo\u201d, expres\u00f3.<\/p>\n","protected":false},"excerpt":{"rendered":"<p>Yuridiana Sosa\/Zona Roja. Oaxaca de Ju\u00e1rez, Oax., 16 de noviembre de 2020.- El Arzobispo de&hellip;<\/p>\n","protected":false},"author":2,"featured_media":20136,"comment_status":"closed","ping_status":"open","sticky":false,"template":"","format":"standard","meta":{"_lmt_disableupdate":"","_lmt_disable":"","_jetpack_memberships_contains_paid_content":false,"footnotes":""},"categories":[109,47],"tags":[2219],"class_list":["post-20135","post","type-post","status-publish","format-standard","has-post-thumbnail","hentry","category-minuto-a-minuto","category-zona-gris","tag-arzobispo-pedro-vazquez-villalobos"],"jetpack_featured_media_url":"https:\/\/zonaroja.com.mx\/wp-content\/uploads\/2020\/11\/Arzobispo-Oaxaca-Pedro-Vazquez.jpg","jetpack_sharing_enabled":true,"_links":{"self":[{"href":"https:\/\/zonaroja.com.mx\/index.php?rest_route=\/wp\/v2\/posts\/20135","targetHints":{"allow":["GET"]}}],"collection":[{"href":"https:\/\/zonaroja.com.mx\/index.php?rest_route=\/wp\/v2\/posts"}],"about":[{"href":"https:\/\/zonaroja.com.mx\/index.php?rest_route=\/wp\/v2\/types\/post"}],"author":[{"embeddable":true,"href":"https:\/\/zonaroja.com.mx\/index.php?rest_route=\/wp\/v2\/users\/2"}],"replies":[{"embeddable":true,"href":"https:\/\/zonaroja.com.mx\/index.php?rest_route=%2Fwp%2Fv2%2Fcomments&post=20135"}],"version-history":[{"count":1,"href":"https:\/\/zonaroja.com.mx\/index.php?rest_route=\/wp\/v2\/posts\/20135\/revisions"}],"predecessor-version":[{"id":20137,"href":"https:\/\/zonaroja.com.mx\/index.php?rest_route=\/wp\/v2\/posts\/20135\/revisions\/20137"}],"wp:featuredmedia":[{"embeddable":true,"href":"https:\/\/zonaroja.com.mx\/index.php?rest_route=\/wp\/v2\/media\/20136"}],"wp:attachment":[{"href":"https:\/\/zonaroja.com.mx\/index.php?rest_route=%2Fwp%2Fv2%2Fmedia&parent=20135"}],"wp:term":[{"taxonomy":"category","embeddable":true,"href":"https:\/\/zonaroja.com.mx\/index.php?rest_route=%2Fwp%2Fv2%2Fcategories&post=20135"},{"taxonomy":"post_tag","embeddable":true,"href":"https:\/\/zonaroja.com.mx\/index.php?rest_route=%2Fwp%2Fv2%2Ftags&post=20135"}],"curies":[{"name":"wp","href":"https:\/\/api.w.org\/{rel}","templated":true}]}}