{"id":20138,"date":"2020-11-16T19:28:36","date_gmt":"2020-11-17T01:28:36","guid":{"rendered":"http:\/\/www.zonaroja.com.mx\/?p=20138"},"modified":"2020-11-16T19:28:39","modified_gmt":"2020-11-17T01:28:39","slug":"eligen-en-huazantlan-como-a-agente-a-acusado-de-masacre-de-15-personas","status":"publish","type":"post","link":"https:\/\/zonaroja.com.mx\/?p=20138","title":{"rendered":"Eligen en Huazantl\u00e1n como a agente a acusado de masacre de 15 personas"},"content":{"rendered":"\n<p>Redacci\u00f3n\/Zona Roja.<\/p>\n\n\n\n<p>Oaxaca de Ju\u00e1rez, Oax., 16 de noviembre de 2020.- Jos\u00e9 Luis Ch\u00e1vez Salinas, se\u00f1alado por familiares de las v\u00edctimas como uno de los autores de la masacre de 15 personas en junio pasado, fue electo como agente municipal de Huazantl\u00e1n del R\u00edo, San Mateo del Mar.<\/p>\n\n\n\n<p>Los comicios se efectuaron ayer domingo mediante asamblea en la sede de la Escuela Telesecundaria, pese a la pandemia de Covid-19, y en un clima de tensi\u00f3n. El inmueble y el proceso fue resguardado por polic\u00edas adscritos a la Secretar\u00eda de Seguridad P\u00fablica de Oaxaca.<\/p>\n\n\n\n<p>Como suplente de agente municipal qued\u00f3 Enrique Degollado; la jornada dur\u00f3 alrededor de ocho horas y no se registraron incidentes.<\/p>\n\n\n\n<p>Esta es la segunda vez que Ch\u00e1vez Salinas es agente municipal de Huazantl\u00e1n, quien ha sido se\u00f1alado por los propios pobladores de diversos delitos.<\/p>\n\n\n\n<p>Entre ellos, ser uno de los probables autores de la masacre perpetrada entre la noche del 21 y la madrugada del 22 de junio de este a\u00f1o, en que fueron asesinados 14 varones y una mujer. <\/p>\n\n\n\n<p>Han se\u00f1alado como perpetradores de la masacre tambi\u00e9n a Camerino D\u00e1valos y Gualterio Escand\u00f3n, adem\u00e1s de Jos\u00e9 Luis Ch\u00e1vez Salinas.<\/p>\n\n\n\n<p>A la fecha, la Fiscal\u00eda General del Estado no ha reportado ninguna detenci\u00f3n por el caso ni avances en las investigaciones. Una treintena de pobladores, familiares de las v\u00edctimas, se encuentran desplazadas de esa comunidad istme\u00f1a y refugiadas en la capital del estado, en espera de justicia.<\/p>\n\n\n\n<p><\/p>\n","protected":false},"excerpt":{"rendered":"<p>Redacci\u00f3n\/Zona Roja. Oaxaca de Ju\u00e1rez, Oax., 16 de noviembre de 2020.- Jos\u00e9 Luis Ch\u00e1vez Salinas,&hellip;<\/p>\n","protected":false},"author":2,"featured_media":20139,"comment_status":"closed","ping_status":"open","sticky":false,"template":"","format":"standard","meta":{"_lmt_disableupdate":"","_lmt_disable":"","_jetpack_memberships_contains_paid_content":false,"footnotes":""},"categories":[109,47],"tags":[1656,2220],"class_list":["post-20138","post","type-post","status-publish","format-standard","has-post-thumbnail","hentry","category-minuto-a-minuto","category-zona-gris","tag-huazantlan-del-rio","tag-jose-luis-chavez-salinas"],"jetpack_featured_media_url":"https:\/\/zonaroja.com.mx\/wp-content\/uploads\/2020\/11\/Elecciones-Huazantlan.jpeg","jetpack_sharing_enabled":true,"_links":{"self":[{"href":"https:\/\/zonaroja.com.mx\/index.php?rest_route=\/wp\/v2\/posts\/20138","targetHints":{"allow":["GET"]}}],"collection":[{"href":"https:\/\/zonaroja.com.mx\/index.php?rest_route=\/wp\/v2\/posts"}],"about":[{"href":"https:\/\/zonaroja.com.mx\/index.php?rest_route=\/wp\/v2\/types\/post"}],"author":[{"embeddable":true,"href":"https:\/\/zonaroja.com.mx\/index.php?rest_route=\/wp\/v2\/users\/2"}],"replies":[{"embeddable":true,"href":"https:\/\/zonaroja.com.mx\/index.php?rest_route=%2Fwp%2Fv2%2Fcomments&post=20138"}],"version-history":[{"count":1,"href":"https:\/\/zonaroja.com.mx\/index.php?rest_route=\/wp\/v2\/posts\/20138\/revisions"}],"predecessor-version":[{"id":20140,"href":"https:\/\/zonaroja.com.mx\/index.php?rest_route=\/wp\/v2\/posts\/20138\/revisions\/20140"}],"wp:featuredmedia":[{"embeddable":true,"href":"https:\/\/zonaroja.com.mx\/index.php?rest_route=\/wp\/v2\/media\/20139"}],"wp:attachment":[{"href":"https:\/\/zonaroja.com.mx\/index.php?rest_route=%2Fwp%2Fv2%2Fmedia&parent=20138"}],"wp:term":[{"taxonomy":"category","embeddable":true,"href":"https:\/\/zonaroja.com.mx\/index.php?rest_route=%2Fwp%2Fv2%2Fcategories&post=20138"},{"taxonomy":"post_tag","embeddable":true,"href":"https:\/\/zonaroja.com.mx\/index.php?rest_route=%2Fwp%2Fv2%2Ftags&post=20138"}],"curies":[{"name":"wp","href":"https:\/\/api.w.org\/{rel}","templated":true}]}}