{"id":2014,"date":"2019-07-04T06:53:29","date_gmt":"2019-07-04T11:53:29","guid":{"rendered":"http:\/\/www.zonaroja.com.mx\/?p=2014"},"modified":"2019-07-04T06:53:34","modified_gmt":"2019-07-04T11:53:34","slug":"pueblos-zapotecas-haran-guelaguetza-alterna-contra-la-mineria","status":"publish","type":"post","link":"https:\/\/zonaroja.com.mx\/?p=2014","title":{"rendered":"Pueblos zapotecas har\u00e1n Guelaguetza alterna, contra la miner\u00eda"},"content":{"rendered":"\n<p>Redacci\u00f3n<br><\/p>\n\n\n\n<p>Oaxaca de Ju\u00e1rez, Oax., 4 de julio de 2019.- Una veintena de organizaciones sociales y comunidades de la regi\u00f3n Valles Centrales de Oaxaca realizar\u00e1 una Guelaguetza alterna, en contra de las empresas mineras y la explotaci\u00f3n de los recursos naturales.<\/p>\n\n\n\n<p>La actividad en que participar\u00e1n representaciones aut\u00e9nticas, se efectuar\u00e1 el pr\u00f3ximo 22 de julio, a partir de las nueve de la ma\u00f1ana, en el municipio de San Mart\u00edn de los Canseco, perteneciente al distrito de Ejutla.<\/p>\n\n\n\n<p>En ese contexto, denunciaron el despojo de la vida de los pueblos en la entidad, \u201cpor medio de la imposici\u00f3n de proyectos mineros en etapa de producci\u00f3n comercial \u2018San Jos\u00e9\u2019, en el municipio de San Jos\u00e9 del Progreso, \u2018El \u00c1guila\u2019 y \u2018Alta Gracia\u2019 en San Pedro Totolapan, de capital extranjero y en proceso de expansi\u00f3n\u201d.<\/p>\n\n\n\n<p>Agregaron que a ello se suma las 322 concesiones mineras, la mayor\u00eda en los Valles Centrales, que incluye territorios de ejidos y comunidades de los distritos de Tlacolula, Ejutla y Ocotl\u00e1n.<\/p>\n\n\n\n<figure class=\"wp-block-embed-twitter wp-block-embed is-type-rich is-provider-twitter\"><div class=\"wp-block-embed__wrapper\">\n<div class=\"twitter-tweet\"><blockquote class=\"twitter-tweet\" data-lang=\"es\"><p lang=\"es\" dir=\"ltr\"><a href=\"https:\/\/twitter.com\/hashtag\/OaxacaVsMineria?src=hash&amp;ref_src=twsrc%5Etfw\">#OaxacaVsMineria<\/a> Invitamos a la Guelaguetza de los Pueblos de Oaxaca contra la Miner\u00eda<a href=\"https:\/\/t.co\/Vj98GppKRd\">https:\/\/t.co\/Vj98GppKRd<\/a> <a href=\"https:\/\/t.co\/K9ITRTPSXQ\">pic.twitter.com\/K9ITRTPSXQ<\/a><\/p>&mdash; Educa Oaxaca (@laminuta) <a href=\"https:\/\/twitter.com\/laminuta\/status\/1146504845010116609?ref_src=twsrc%5Etfw\">3 de julio de 2019<\/a><\/blockquote><\/div>\n<\/div><\/figure>\n\n\n\n<p>\u201cSon 10 a\u00f1os de afectaciones al irreversibles al medio ambiente, contaminaci\u00f3n de las fuentes de agua, afectaciones de tierras de cultivo y pastoreo, criminalizaci\u00f3n de defensores y defensoras de la tierra, ruptura del tejido social comunitario, entre otros\u201d, expusieron.<\/p>\n\n\n\n<p>Por ello, \u201clos pueblos y comunidades afectados por proyectos y concesiones mineras celebran la vida, la autonom\u00eda, los procesos de resistencia y las alternativas comunitarias que est\u00e1n ejerciendo dentro de sus territorios\u201d.<\/p>\n\n\n\n<p>En la convocatoria participan el Frente No a la Miner\u00eda por un Futuro de Todas y Todos; las comunidad de San Mart\u00edn de los Canseco, Monte del Toro, El Vergel y su Anexo los Ocotes, Santa Catarina Minas, Magdalena Ocotl\u00e1n, San Nicolas Yaxe, San Dionisio Ocotepec y Magdalena Teitipac.<\/p>\n\n\n\n<p>Asimismo, la Coordinadora de Pueblos Unidos del Valle de Ocotl\u00e1n, el Colectivo Oaxaque\u00f1o en Defensa de los Territorios: Centro de Derechos Ind\u00edgenas Flor y Canto, Servicios para una Educaci\u00f3n Alternativa A.C., Servicios del Pueblo Mixe Ser A.C., Tequio Jur\u00eddico, Uni\u00f3n de Organizaciones de la Sierra Ju\u00e1rez de Oaxaca S.C., y Centro de Derechos Humanos Miguel Agust\u00edn Pro Ju\u00e1rez-Centro Prodh A.C.<\/p>\n","protected":false},"excerpt":{"rendered":"<p>Redacci\u00f3n Oaxaca de Ju\u00e1rez, Oax., 4 de julio de 2019.- Una veintena de organizaciones sociales&hellip;<\/p>\n","protected":false},"author":2,"featured_media":2015,"comment_status":"closed","ping_status":"open","sticky":false,"template":"","format":"standard","meta":{"_lmt_disableupdate":"","_lmt_disable":"","_jetpack_memberships_contains_paid_content":false,"footnotes":""},"categories":[109,46],"tags":[58],"class_list":["post-2014","post","type-post","status-publish","format-standard","has-post-thumbnail","hentry","category-minuto-a-minuto","category-zona-blanca","tag-oaxaca"],"jetpack_featured_media_url":"https:\/\/zonaroja.com.mx\/wp-content\/uploads\/2019\/07\/IMG_2691.jpg","jetpack_sharing_enabled":true,"_links":{"self":[{"href":"https:\/\/zonaroja.com.mx\/index.php?rest_route=\/wp\/v2\/posts\/2014","targetHints":{"allow":["GET"]}}],"collection":[{"href":"https:\/\/zonaroja.com.mx\/index.php?rest_route=\/wp\/v2\/posts"}],"about":[{"href":"https:\/\/zonaroja.com.mx\/index.php?rest_route=\/wp\/v2\/types\/post"}],"author":[{"embeddable":true,"href":"https:\/\/zonaroja.com.mx\/index.php?rest_route=\/wp\/v2\/users\/2"}],"replies":[{"embeddable":true,"href":"https:\/\/zonaroja.com.mx\/index.php?rest_route=%2Fwp%2Fv2%2Fcomments&post=2014"}],"version-history":[{"count":1,"href":"https:\/\/zonaroja.com.mx\/index.php?rest_route=\/wp\/v2\/posts\/2014\/revisions"}],"predecessor-version":[{"id":2016,"href":"https:\/\/zonaroja.com.mx\/index.php?rest_route=\/wp\/v2\/posts\/2014\/revisions\/2016"}],"wp:featuredmedia":[{"embeddable":true,"href":"https:\/\/zonaroja.com.mx\/index.php?rest_route=\/wp\/v2\/media\/2015"}],"wp:attachment":[{"href":"https:\/\/zonaroja.com.mx\/index.php?rest_route=%2Fwp%2Fv2%2Fmedia&parent=2014"}],"wp:term":[{"taxonomy":"category","embeddable":true,"href":"https:\/\/zonaroja.com.mx\/index.php?rest_route=%2Fwp%2Fv2%2Fcategories&post=2014"},{"taxonomy":"post_tag","embeddable":true,"href":"https:\/\/zonaroja.com.mx\/index.php?rest_route=%2Fwp%2Fv2%2Ftags&post=2014"}],"curies":[{"name":"wp","href":"https:\/\/api.w.org\/{rel}","templated":true}]}}