{"id":20148,"date":"2020-11-16T21:51:26","date_gmt":"2020-11-17T03:51:26","guid":{"rendered":"http:\/\/www.zonaroja.com.mx\/?p=20148"},"modified":"2020-11-16T21:51:30","modified_gmt":"2020-11-17T03:51:30","slug":"preliminar-emboscada-en-juxtlahuaca-deja-un-muerto-y-dos-heridos","status":"publish","type":"post","link":"https:\/\/zonaroja.com.mx\/?p=20148","title":{"rendered":"Preliminar: emboscada en Juxtlahuaca deja un muerto y dos heridos"},"content":{"rendered":"\n<p>Redacci\u00f3n\/Zona Roja.<\/p>\n\n\n\n<p>Oaxaca de Ju\u00e1rez, Oax., 16 de noviembre de 2020.- Una emboscada ocurri\u00f3 la tarde de este lunes en jurisdicci\u00f3n del municipio de Santiago Juxtlahuaca, Oaxaca, con saldo preliminar de una persona fallecida y dos lesionadas.<\/p>\n\n\n\n<p>De acuerdo con los reportes preliminares, el ataque armado se registr\u00f3 en el paraje \u201cTres Cruces\u201d, de la carretera Juxtlahuaca-Concepci\u00f3n Carrizal.<\/p>\n\n\n\n<p>La persona fallecida fue identificada como Ismael Cruz Garc\u00eda, mientras que los lesionados, como Antonio Ram\u00edrez Mart\u00ednez y Mario Ram\u00edrez D\u00edaz, quienes fueron trasladados a un hospital.<\/p>\n\n\n\n<p>Las v\u00edctimas de la emboscada son originarias de R\u00edo Ceniza, Tierra Blanca Copala, en la zona triqui de Juxtlahuaca, seg\u00fan se inform\u00f3 de manera preliminar. Hasta el momento no hay versi\u00f3n oficial por parte del Gobierno del Estado acerca de los hechos.<\/p>\n","protected":false},"excerpt":{"rendered":"<p>Redacci\u00f3n\/Zona Roja. Oaxaca de Ju\u00e1rez, Oax., 16 de noviembre de 2020.- Una emboscada ocurri\u00f3 la&hellip;<\/p>\n","protected":false},"author":2,"featured_media":7003,"comment_status":"closed","ping_status":"open","sticky":false,"template":"","format":"standard","meta":{"_lmt_disableupdate":"","_lmt_disable":"","_jetpack_memberships_contains_paid_content":false,"footnotes":""},"categories":[109,51],"tags":[826],"class_list":["post-20148","post","type-post","status-publish","format-standard","has-post-thumbnail","hentry","category-minuto-a-minuto","category-zona-roja","tag-santiago-juxtlahuaca"],"jetpack_featured_media_url":"https:\/\/zonaroja.com.mx\/wp-content\/uploads\/2019\/12\/Juxtlahuaca2.jpg","jetpack_sharing_enabled":true,"_links":{"self":[{"href":"https:\/\/zonaroja.com.mx\/index.php?rest_route=\/wp\/v2\/posts\/20148","targetHints":{"allow":["GET"]}}],"collection":[{"href":"https:\/\/zonaroja.com.mx\/index.php?rest_route=\/wp\/v2\/posts"}],"about":[{"href":"https:\/\/zonaroja.com.mx\/index.php?rest_route=\/wp\/v2\/types\/post"}],"author":[{"embeddable":true,"href":"https:\/\/zonaroja.com.mx\/index.php?rest_route=\/wp\/v2\/users\/2"}],"replies":[{"embeddable":true,"href":"https:\/\/zonaroja.com.mx\/index.php?rest_route=%2Fwp%2Fv2%2Fcomments&post=20148"}],"version-history":[{"count":1,"href":"https:\/\/zonaroja.com.mx\/index.php?rest_route=\/wp\/v2\/posts\/20148\/revisions"}],"predecessor-version":[{"id":20149,"href":"https:\/\/zonaroja.com.mx\/index.php?rest_route=\/wp\/v2\/posts\/20148\/revisions\/20149"}],"wp:featuredmedia":[{"embeddable":true,"href":"https:\/\/zonaroja.com.mx\/index.php?rest_route=\/wp\/v2\/media\/7003"}],"wp:attachment":[{"href":"https:\/\/zonaroja.com.mx\/index.php?rest_route=%2Fwp%2Fv2%2Fmedia&parent=20148"}],"wp:term":[{"taxonomy":"category","embeddable":true,"href":"https:\/\/zonaroja.com.mx\/index.php?rest_route=%2Fwp%2Fv2%2Fcategories&post=20148"},{"taxonomy":"post_tag","embeddable":true,"href":"https:\/\/zonaroja.com.mx\/index.php?rest_route=%2Fwp%2Fv2%2Ftags&post=20148"}],"curies":[{"name":"wp","href":"https:\/\/api.w.org\/{rel}","templated":true}]}}