{"id":20150,"date":"2020-11-17T07:20:09","date_gmt":"2020-11-17T13:20:09","guid":{"rendered":"http:\/\/www.zonaroja.com.mx\/?p=20150"},"modified":"2020-11-17T07:20:23","modified_gmt":"2020-11-17T13:20:23","slug":"culpan-a-ubisort-y-el-multi-de-emboscada-sangrienta-en-juxtlahuaca","status":"publish","type":"post","link":"https:\/\/zonaroja.com.mx\/?p=20150","title":{"rendered":"Culpan a Ubisort y el MULTI de emboscada sangrienta en Juxtlahuaca"},"content":{"rendered":"\n<p>Redacci\u00f3n\/Zona Roja.<\/p>\n\n\n\n<p>La comunidad de R\u00edo Ceniza, Santiago Juxtlahuaca, culp\u00f3 a las organizaciones Movimiento de Unificaci\u00f3n y Lucha Triqui Independiente (MULTI) y la Unidad de Bienestar Social para la Regi\u00f3n Triqui (Ubisort) de perpetrar la emboscada con saldo de una persona fallecida y dos lesionadas.<\/p>\n\n\n\n<p>Los hechos ocurrieron ayer alrededor de las 15:00 horas en el paraje \u201cTres Cruces\u201d de dicho municipio de la regi\u00f3n Mixteca, por parte de \u201chombres armados\u201d, que atacaron a los ocupantes de una camioneta.<\/p>\n\n\n\n<p>\u201cHoy nuestras familias de R\u00edo Ceniza estamos consternados por la muerte de Ismael Cruz Garc\u00eda, y preocupados por la salud de los heridos, Antonio Ram\u00edrez Mart\u00ednez y Mario Ram\u00edrez D\u00edaz a mano de los cobardes que en sus discursos hablan de paz y de la armon\u00eda y en los hechos asesinan a sus hermanos triquis que hoy enlutan a nuestra familia\u201d, expusieron en un comunicado.<\/p>\n\n\n\n<p>A\u00f1adieron que como comunidad de gente de trabajo y de paz, no han tenido problemas con ninguna de las dem\u00e1s comunidades hermanas, que buscan igual tambi\u00e9n el desarrollo para su gente, educaci\u00f3n, salud, trabajo y alimentaci\u00f3n.<\/p>\n\n\n\n<p>\u201cResponsabilizamos a Macario Garc\u00eda Merino, dirigente de MULTI, y a Ramiro Dom\u00ednguez Garc\u00eda, dirigente de Ubisort, como los autores intelectuales de la emboscada contra nuestros compa\u00f1eros\u201d, acusaron.<\/p>\n\n\n\n<p>Demandaron a los gobiernos estatal y federal castigo a los responsables, as\u00ed como mayor seguridad en la zona triqui.<\/p>\n\n\n\n<figure class=\"wp-block-image size-large\"><img decoding=\"async\" width=\"1024\" height=\"768\" src=\"http:\/\/www.zonaroja.com.mx\/wp-content\/uploads\/2020\/11\/Emboscada-Juxtlahuaca-1-1024x768.jpg\" alt=\"\" class=\"wp-image-20152\" srcset=\"https:\/\/zonaroja.com.mx\/wp-content\/uploads\/2020\/11\/Emboscada-Juxtlahuaca-1-1024x768.jpg 1024w, https:\/\/zonaroja.com.mx\/wp-content\/uploads\/2020\/11\/Emboscada-Juxtlahuaca-1-300x225.jpg 300w, https:\/\/zonaroja.com.mx\/wp-content\/uploads\/2020\/11\/Emboscada-Juxtlahuaca-1-768x576.jpg 768w, https:\/\/zonaroja.com.mx\/wp-content\/uploads\/2020\/11\/Emboscada-Juxtlahuaca-1-1170x878.jpg 1170w, https:\/\/zonaroja.com.mx\/wp-content\/uploads\/2020\/11\/Emboscada-Juxtlahuaca-1-585x439.jpg 585w, https:\/\/zonaroja.com.mx\/wp-content\/uploads\/2020\/11\/Emboscada-Juxtlahuaca-1.jpg 1280w\" sizes=\"(max-width: 1024px) 100vw, 1024px\" \/><\/figure>\n","protected":false},"excerpt":{"rendered":"<p>Redacci\u00f3n\/Zona Roja. La comunidad de R\u00edo Ceniza, Santiago Juxtlahuaca, culp\u00f3 a las organizaciones Movimiento de&hellip;<\/p>\n","protected":false},"author":2,"featured_media":20151,"comment_status":"closed","ping_status":"open","sticky":false,"template":"","format":"standard","meta":{"_lmt_disableupdate":"","_lmt_disable":"","_jetpack_memberships_contains_paid_content":false,"footnotes":""},"categories":[109,51],"tags":[826],"class_list":["post-20150","post","type-post","status-publish","format-standard","has-post-thumbnail","hentry","category-minuto-a-minuto","category-zona-roja","tag-santiago-juxtlahuaca"],"jetpack_featured_media_url":"https:\/\/zonaroja.com.mx\/wp-content\/uploads\/2020\/11\/Emboscada-Juxtlahuaca-2.jpg","jetpack_sharing_enabled":true,"_links":{"self":[{"href":"https:\/\/zonaroja.com.mx\/index.php?rest_route=\/wp\/v2\/posts\/20150","targetHints":{"allow":["GET"]}}],"collection":[{"href":"https:\/\/zonaroja.com.mx\/index.php?rest_route=\/wp\/v2\/posts"}],"about":[{"href":"https:\/\/zonaroja.com.mx\/index.php?rest_route=\/wp\/v2\/types\/post"}],"author":[{"embeddable":true,"href":"https:\/\/zonaroja.com.mx\/index.php?rest_route=\/wp\/v2\/users\/2"}],"replies":[{"embeddable":true,"href":"https:\/\/zonaroja.com.mx\/index.php?rest_route=%2Fwp%2Fv2%2Fcomments&post=20150"}],"version-history":[{"count":1,"href":"https:\/\/zonaroja.com.mx\/index.php?rest_route=\/wp\/v2\/posts\/20150\/revisions"}],"predecessor-version":[{"id":20153,"href":"https:\/\/zonaroja.com.mx\/index.php?rest_route=\/wp\/v2\/posts\/20150\/revisions\/20153"}],"wp:featuredmedia":[{"embeddable":true,"href":"https:\/\/zonaroja.com.mx\/index.php?rest_route=\/wp\/v2\/media\/20151"}],"wp:attachment":[{"href":"https:\/\/zonaroja.com.mx\/index.php?rest_route=%2Fwp%2Fv2%2Fmedia&parent=20150"}],"wp:term":[{"taxonomy":"category","embeddable":true,"href":"https:\/\/zonaroja.com.mx\/index.php?rest_route=%2Fwp%2Fv2%2Fcategories&post=20150"},{"taxonomy":"post_tag","embeddable":true,"href":"https:\/\/zonaroja.com.mx\/index.php?rest_route=%2Fwp%2Fv2%2Ftags&post=20150"}],"curies":[{"name":"wp","href":"https:\/\/api.w.org\/{rel}","templated":true}]}}