{"id":20158,"date":"2020-11-17T08:06:48","date_gmt":"2020-11-17T14:06:48","guid":{"rendered":"http:\/\/www.zonaroja.com.mx\/?p=20158"},"modified":"2020-11-17T08:06:51","modified_gmt":"2020-11-17T14:06:51","slug":"confirma-amlo-que-opto-por-inundar-pueblos-pobres-que-villahermosa","status":"publish","type":"post","link":"https:\/\/zonaroja.com.mx\/?p=20158","title":{"rendered":"Confirma AMLO que opt\u00f3 por inundar pueblos pobres que Villahermosa"},"content":{"rendered":"\n<p>Redacci\u00f3n\/Zona Roja Cdmx.<\/p>\n\n\n\n<p>Ciudad de M\u00e9xico, 17 de noviembre de 2020.- El Presidente de M\u00e9xico, Andr\u00e9s Manuel L\u00f3pez Obrador, acept\u00f3 que el gobierno federal opt\u00f3 que se inundaran pueblos pobres de Tabasco, para salvar a la capital Villahermosa.<\/p>\n\n\n\n<p>\u201cTuvimos que optar entre inconvenientes, no inundar Villahermosa y que el agua saliera por el \u201cSamaria\u201d (r\u00edo), por las zonas bajas\u2026 Desde luego, se perjudic\u00f3 a la gente de Nacajuca, son los chontales, los m\u00e1s pobres, pero ten\u00edamos que tomar una decisi\u00f3n.<\/p>\n\n\n\n<p>\u201cAhora ya estamos aislando all\u00e1 abajo y donde vive la mayor\u00eda de la gente de Tabasco se evit\u00f3 una inundaci\u00f3n mayor\u201d, dijo mientras recorr\u00eda el fin de semana en helic\u00f3ptero la zona siniestrada.<\/p>\n\n\n\n<p>GRAVES DA\u00d1OS<\/p>\n\n\n\n<p>Hasta el momento, 229 mil 440 personas en Veracruz, Chiapas y Tabasco han sido afectadas por las fuertes lluvias, de las cuales 151 mil 471 son tabasque\u00f1as, 54 mil 976 chiapanecas y el restante veracruzanas, registr\u00f3 en el \u00faltimo corte la Coordinaci\u00f3n Nacional de Protecci\u00f3n Civil, que tambi\u00e9n actualiz\u00f3 el saldo de 28 fallecidos en los tres estados.<\/p>\n\n\n\n<p>En Tabasco, la afectaci\u00f3n fue mayor debido a la decisi\u00f3n del gobierno federal de dirigir el agua de la presa \u201cPe\u00f1itas\u201d a la planicie tabasque\u00f1a, lo que perjudic\u00f3 a municipios y comunidades chontales, con lo que se evit\u00f3 la inundaci\u00f3n de Villahermosa, donde viven m\u00e1s de 300 mil personas.<\/p>\n\n\n\n<p>Pero lo que no se pudo evitar es que m\u00e1s de 50 por ciento del pl\u00e1tano (para consumo nacional y exportaci\u00f3n a China), del ma\u00edz y otros cultivos de al menos cinco municipios, considerados los m\u00e1s cr\u00edticos, se salvaran.<\/p>\n\n\n\n<p>En la conferencia ma\u00f1anera de ayer, el presidente Andr\u00e9s Manuel L\u00f3pez Obrador dijo que le doli\u00f3 mucho el inconveniente de soltar el agua de la presa, pero era necesario para evitar una desgracia mayor, pues los t\u00e9cnicos de la CFE ten\u00edan planeado desfogar una cantidad mayor a la que finalmente se sac\u00f3 del vaso.<\/p>\n\n\n\n<p>MEDIDA DOLOROSA<\/p>\n\n\n\n<p>\u201cMedimos de que se iba a ir al agua estas comunidades, pero no como en otras ocasiones que ya el volumen era menor, adem\u00e1s del desag\u00fce, y optamos por cerrar la compuerta (de Villahermosa).<\/p>\n\n\n\n<p>\u201cYo he estado pendiente y, s\u00ed, hay inundaci\u00f3n en Jalpa, en Nacajuca, pero no mayor, y estamos ah\u00ed atendiendo a los damnificados; tenemos albergues. La zona m\u00e1s cr\u00edtica es Centla\u201d, dijo.<\/p>\n\n\n\n<p>Se comprometi\u00f3 a reparar los da\u00f1os entregando recursos para que los damnificados compren sus enseres, sus camas, refrigeradores, estufas y todo lo que hayan perdido en estas inundaciones.<\/p>\n\n\n\n<p>Anunci\u00f3 la publicaci\u00f3n de un decreto para que las presas se manejen bajo est\u00e1ndares de protecci\u00f3n civil.&nbsp; Ahora las cuatro presas del r\u00edo Grijalva van a tener un canal ecol\u00f3gico y que mantengan vac\u00edos los vasos durante la temporada de huracanes y frentes fr\u00edos.<\/p>\n\n\n\n<p>Cuestion\u00f3 a quienes lo criticaron en el sentido de no se moj\u00f3 en las inspecciones que hizo. \u201cAhora, me dicen: \u2018a ver m\u00f3jese\u2019, pues no me puedo mojar nada m\u00e1s por la foto. No, estoy haciendo lo que corresponde, que eso ayuda m\u00e1s.<\/p>\n\n\n\n<p>\u201cAdem\u00e1s, les digo a mis paisanos, nada m\u00e1s para tomarme la foto me mojo, me enfermo y \u00bfqu\u00e9 se gana con eso? o que no guarde yo la sana distancia, me enferme de COVID, pues tampoco\u201d, consider\u00f3.<\/p>\n\n\n\n<p>(Con informaci\u00f3n de \u201cEl Heraldo de M\u00e9xico\u201d)<\/p>\n","protected":false},"excerpt":{"rendered":"<p>Redacci\u00f3n\/Zona Roja Cdmx. Ciudad de M\u00e9xico, 17 de noviembre de 2020.- El Presidente de M\u00e9xico,&hellip;<\/p>\n","protected":false},"author":2,"featured_media":20159,"comment_status":"closed","ping_status":"open","sticky":false,"template":"","format":"standard","meta":{"_lmt_disableupdate":"","_lmt_disable":"","_jetpack_memberships_contains_paid_content":false,"footnotes":""},"categories":[109,47],"tags":[2188],"class_list":["post-20158","post","type-post","status-publish","format-standard","has-post-thumbnail","hentry","category-minuto-a-minuto","category-zona-gris","tag-inundaciones-tabasco"],"jetpack_featured_media_url":"https:\/\/zonaroja.com.mx\/wp-content\/uploads\/2020\/11\/Inundacion-Tabasco.jpg","jetpack_sharing_enabled":true,"_links":{"self":[{"href":"https:\/\/zonaroja.com.mx\/index.php?rest_route=\/wp\/v2\/posts\/20158","targetHints":{"allow":["GET"]}}],"collection":[{"href":"https:\/\/zonaroja.com.mx\/index.php?rest_route=\/wp\/v2\/posts"}],"about":[{"href":"https:\/\/zonaroja.com.mx\/index.php?rest_route=\/wp\/v2\/types\/post"}],"author":[{"embeddable":true,"href":"https:\/\/zonaroja.com.mx\/index.php?rest_route=\/wp\/v2\/users\/2"}],"replies":[{"embeddable":true,"href":"https:\/\/zonaroja.com.mx\/index.php?rest_route=%2Fwp%2Fv2%2Fcomments&post=20158"}],"version-history":[{"count":1,"href":"https:\/\/zonaroja.com.mx\/index.php?rest_route=\/wp\/v2\/posts\/20158\/revisions"}],"predecessor-version":[{"id":20160,"href":"https:\/\/zonaroja.com.mx\/index.php?rest_route=\/wp\/v2\/posts\/20158\/revisions\/20160"}],"wp:featuredmedia":[{"embeddable":true,"href":"https:\/\/zonaroja.com.mx\/index.php?rest_route=\/wp\/v2\/media\/20159"}],"wp:attachment":[{"href":"https:\/\/zonaroja.com.mx\/index.php?rest_route=%2Fwp%2Fv2%2Fmedia&parent=20158"}],"wp:term":[{"taxonomy":"category","embeddable":true,"href":"https:\/\/zonaroja.com.mx\/index.php?rest_route=%2Fwp%2Fv2%2Fcategories&post=20158"},{"taxonomy":"post_tag","embeddable":true,"href":"https:\/\/zonaroja.com.mx\/index.php?rest_route=%2Fwp%2Fv2%2Ftags&post=20158"}],"curies":[{"name":"wp","href":"https:\/\/api.w.org\/{rel}","templated":true}]}}