{"id":20163,"date":"2020-11-17T09:38:20","date_gmt":"2020-11-17T15:38:20","guid":{"rendered":"http:\/\/www.zonaroja.com.mx\/?p=20163"},"modified":"2020-11-17T10:52:16","modified_gmt":"2020-11-17T16:52:16","slug":"desatencion-gubernamental-genera-protestas-de-juxtlahuaca-en-la-capital","status":"publish","type":"post","link":"https:\/\/zonaroja.com.mx\/?p=20163","title":{"rendered":"Desatenci\u00f3n gubernamental genera protestas de Juxtlahuaca en la capital"},"content":{"rendered":"\n<p>Evlin Arag\u00f3n\/Zona Roja.<\/p>\n\n\n\n<p>Oaxaca de Ju\u00e1rez, Oax., 17 de noviembre de 2020.- Ante la falta de atenci\u00f3n por parte del gobierno de Oaxaca, habitantes de las comunidades de La Sabana, Tierra Blanca, Llano de Ju\u00e1rez y Yutuzan\u00ed, todas pertenecientes al municipio de Santiago Juxtlahuaca, protestan en la capital del estado, para exigir de una vez por todas la entrega de los recursos de los ramos 28 y 33.&nbsp;<\/p>\n\n\n\n<p>La v\u00edspera, mediante un comunicado dirigido al gobernador Alejandro Murat Hinojosa y al titular de la Secretar\u00eda General de Gobierno (Segego), Francisco Garc\u00eda L\u00f3pez, cuestionaron el destino del recurso que no ha llegado a las comunidades con m\u00e1s carencias.&nbsp;<\/p>\n\n\n\n<p>Recordaron que fue desde el pasado 7 de septiembre, que pese a la pandemia, se manifestaron en la capital, debido a que el presidente municipal de Santiago Juxtlahuaca, Nicol\u00e1s Feria Romero, se ha negado rotundamente a entregarles el recurso destinado para el desarrollo de las localidades durante los a\u00f1os 2018, 2019 y 2020.&nbsp;<\/p>\n\n\n\n<p>\u201cSolo exigimos a la autoridad municipal respete nuestros derechos; nuestro derecho a una educaci\u00f3n de calidad, a una infraestructura que nos permita una vida digna y de calidad. Al negarnos los recursos, est\u00e1n violando nuestros derechos\u201d, cita el documento.&nbsp;<\/p>\n\n\n\n<p>El mismo refiere que, el pasado 13 de octubre realizaron su primera manifestaci\u00f3n en la ciudad para exigir la intervenci\u00f3n del gobierno del estado, as\u00ed como solicitar una audiencia con el gobernador Alejandro Murat, misma que dio como resultado dos reuniones agendadas: una con el edil de Juxtlahuaca, con fecha del 19 de octubre; y una m\u00e1s con el mandatario estatal para el 26 del mismo mes.&nbsp;<\/p>\n\n\n\n<p>Al respecto. denunciaron que la reuni\u00f3n con el presidente municipal &#8211;quien arribo en compa\u00f1\u00eda de su padre y su contador&#8211; careci\u00f3 de informalidad y seriedad en la toma de acuerdos, debido a la ausencia de Rodolfo Quintero, encargado de presidir la misma, a quien acusaron de no tomar en serio la problem\u00e1tica de las comunidades.&nbsp;<\/p>\n\n\n\n<p>En dicha reuni\u00f3n, Feria Romero pidi\u00f3 una pr\u00f3rroga de tiempo para solicitar al tribunal ind\u00edgena el material necesario para presentar una propuesta obre la entrega de los recursos y solicit\u00f3 una nueva reuni\u00f3n despu\u00e9s de las festividades de D\u00eda de Muertos, a la cual asisti\u00f3 el titular de la Segego, Francisco Garc\u00eda L\u00f3pez, quien se comprometi\u00f3 a darle seguimiento al tema.<\/p>\n\n\n\n<p>Sin embargo, pese a que ya pasaron dos semanas de la reuni\u00f3n, la tan anhelada repuesta no ha llegado y por el contrario solo existe la justificaci\u00f3n que se revisa el tema, raz\u00f3n por la que han decidido salir a las calles para exigir soluci\u00f3n a su principal demanda.<\/p>\n\n\n\n<p>\u201cNos preguntamos: si los recursos no se entregaron a las comunidades \u00bfd\u00f3nde est\u00e1n? El gobierno del Estado \u00bfsabe algo del paradero del recurso? Y los diferentes niveles de gobierno \u00bfhar\u00e1n caso omiso a lo que ocurre en el municipio de Santiago Juxtlahuaca?\u201d, concluye el comunicado.&nbsp;<\/p>\n\n\n\n<p>Por ello, desde esta ma\u00f1ana habitantes y autoridades auxiliares, protestan en la avenida Ju\u00e1rez, frente a la Casa Oficial de Gobierno, de la capital, y prev\u00e9n extender sus manifestaciones.<\/p>\n","protected":false},"excerpt":{"rendered":"<p>Evlin Arag\u00f3n\/Zona Roja. Oaxaca de Ju\u00e1rez, Oax., 17 de noviembre de 2020.- Ante la falta&hellip;<\/p>\n","protected":false},"author":2,"featured_media":20165,"comment_status":"closed","ping_status":"open","sticky":false,"template":"","format":"standard","meta":{"_lmt_disableupdate":"","_lmt_disable":"","_jetpack_memberships_contains_paid_content":false,"footnotes":""},"categories":[109,47],"tags":[826],"class_list":["post-20163","post","type-post","status-publish","format-standard","has-post-thumbnail","hentry","category-minuto-a-minuto","category-zona-gris","tag-santiago-juxtlahuaca"],"jetpack_featured_media_url":"https:\/\/zonaroja.com.mx\/wp-content\/uploads\/2020\/11\/b84401c1-3879-406d-aa2f-4fbf8bceb527.jpg","jetpack_sharing_enabled":true,"_links":{"self":[{"href":"https:\/\/zonaroja.com.mx\/index.php?rest_route=\/wp\/v2\/posts\/20163","targetHints":{"allow":["GET"]}}],"collection":[{"href":"https:\/\/zonaroja.com.mx\/index.php?rest_route=\/wp\/v2\/posts"}],"about":[{"href":"https:\/\/zonaroja.com.mx\/index.php?rest_route=\/wp\/v2\/types\/post"}],"author":[{"embeddable":true,"href":"https:\/\/zonaroja.com.mx\/index.php?rest_route=\/wp\/v2\/users\/2"}],"replies":[{"embeddable":true,"href":"https:\/\/zonaroja.com.mx\/index.php?rest_route=%2Fwp%2Fv2%2Fcomments&post=20163"}],"version-history":[{"count":1,"href":"https:\/\/zonaroja.com.mx\/index.php?rest_route=\/wp\/v2\/posts\/20163\/revisions"}],"predecessor-version":[{"id":20164,"href":"https:\/\/zonaroja.com.mx\/index.php?rest_route=\/wp\/v2\/posts\/20163\/revisions\/20164"}],"wp:featuredmedia":[{"embeddable":true,"href":"https:\/\/zonaroja.com.mx\/index.php?rest_route=\/wp\/v2\/media\/20165"}],"wp:attachment":[{"href":"https:\/\/zonaroja.com.mx\/index.php?rest_route=%2Fwp%2Fv2%2Fmedia&parent=20163"}],"wp:term":[{"taxonomy":"category","embeddable":true,"href":"https:\/\/zonaroja.com.mx\/index.php?rest_route=%2Fwp%2Fv2%2Fcategories&post=20163"},{"taxonomy":"post_tag","embeddable":true,"href":"https:\/\/zonaroja.com.mx\/index.php?rest_route=%2Fwp%2Fv2%2Ftags&post=20163"}],"curies":[{"name":"wp","href":"https:\/\/api.w.org\/{rel}","templated":true}]}}