{"id":20167,"date":"2020-11-17T13:46:11","date_gmt":"2020-11-17T19:46:11","guid":{"rendered":"https:\/\/www.zonaroja.com.mx\/?p=20167"},"modified":"2020-11-17T13:46:13","modified_gmt":"2020-11-17T19:46:13","slug":"operativo-de-la-fiscalia-deriva-en-balazos-en-centro-comercial-de-oaxaca-hay-cuatro-detenidos-uno-herido","status":"publish","type":"post","link":"https:\/\/zonaroja.com.mx\/?p=20167","title":{"rendered":"Operativo de la Fiscal\u00eda deriva en balazos en centro comercial de Oaxaca; hay cuatro detenidos, uno herido"},"content":{"rendered":"\n<p> Redacci\u00f3n\/Zona Roja. <\/p>\n\n\n\n<p>Oaxaca de Ju\u00e1rez, Oax., 17 de noviembre de 2020.- Un supuesto operativo de la Fiscal\u00eda General del Estado contra probables extorsionadores deriv\u00f3 este martes en un enfrentamiento armado en inmediaciones de un centro comercial de Oaxaca. <\/p>\n\n\n\n<p>Los hechos sucedieron minutos antes del mediod\u00eda en la carretera hacia la zona arqueol\u00f3gica de Monte Alb\u00e1n, cerca del centro comercial Plaza Bella, en la colindancia de la ciudad de Oaxaca con Santa Mar\u00eda Atzompa. <\/p>\n\n\n\n<p>Cientos de personas que acuden a las tiendas, principalmente Liverpool, para aprovechar el \u201cBuen Fin\u201d, huyeron atemorizadas ante probables agresiones. <\/p>\n\n\n\n<p>A trav\u00e9s de redes sociales, la Fiscal\u00eda General inform\u00f3 que \u201ccoordin\u00f3 y ejecut\u00f3 un operativo para detener en flagrancia a un grupo de personas que intentaban cobrar una extorsi\u00f3n a una v\u00edctima.<\/p>\n\n\n\n<p>\u201cAl momento de los hechos, los probables extorsionadores  abrieron fuego contra integrantes de la Agencia Estatal de Investigaciones, mismos que repelieron el ataque, logrando la detenci\u00f3n de 4 personas, una de las cuales se encuentra herida por disparo de arma de fuego\u201d.<\/p>\n\n\n\n<p>Seg\u00fan otras versiones, se habr\u00eda tratado de un asalto y un guardia de Liverpool repeli\u00f3 la agresi\u00f3n, tras lo cual apoyaron elementos de la Agencia Estatal de Investigaciones. Hasta el momento no se ha dado a conocer los nombre de los detenidos. <\/p>\n","protected":false},"excerpt":{"rendered":"<p>Redacci\u00f3n\/Zona Roja. Oaxaca de Ju\u00e1rez, Oax., 17 de noviembre de 2020.- Un supuesto operativo de&hellip;<\/p>\n","protected":false},"author":2,"featured_media":20166,"comment_status":"closed","ping_status":"open","sticky":false,"template":"","format":"standard","meta":{"_lmt_disableupdate":"","_lmt_disable":"","_jetpack_memberships_contains_paid_content":false,"footnotes":""},"categories":[109,51],"tags":[2224],"class_list":["post-20167","post","type-post","status-publish","format-standard","has-post-thumbnail","hentry","category-minuto-a-minuto","category-zona-roja","tag-plaza-bella-oaxaca"],"jetpack_featured_media_url":"https:\/\/zonaroja.com.mx\/wp-content\/uploads\/2020\/11\/55ebcaa7-9b65-44b3-8ae0-4f708fcfe308.jpg","jetpack_sharing_enabled":true,"_links":{"self":[{"href":"https:\/\/zonaroja.com.mx\/index.php?rest_route=\/wp\/v2\/posts\/20167","targetHints":{"allow":["GET"]}}],"collection":[{"href":"https:\/\/zonaroja.com.mx\/index.php?rest_route=\/wp\/v2\/posts"}],"about":[{"href":"https:\/\/zonaroja.com.mx\/index.php?rest_route=\/wp\/v2\/types\/post"}],"author":[{"embeddable":true,"href":"https:\/\/zonaroja.com.mx\/index.php?rest_route=\/wp\/v2\/users\/2"}],"replies":[{"embeddable":true,"href":"https:\/\/zonaroja.com.mx\/index.php?rest_route=%2Fwp%2Fv2%2Fcomments&post=20167"}],"version-history":[{"count":1,"href":"https:\/\/zonaroja.com.mx\/index.php?rest_route=\/wp\/v2\/posts\/20167\/revisions"}],"predecessor-version":[{"id":20168,"href":"https:\/\/zonaroja.com.mx\/index.php?rest_route=\/wp\/v2\/posts\/20167\/revisions\/20168"}],"wp:featuredmedia":[{"embeddable":true,"href":"https:\/\/zonaroja.com.mx\/index.php?rest_route=\/wp\/v2\/media\/20166"}],"wp:attachment":[{"href":"https:\/\/zonaroja.com.mx\/index.php?rest_route=%2Fwp%2Fv2%2Fmedia&parent=20167"}],"wp:term":[{"taxonomy":"category","embeddable":true,"href":"https:\/\/zonaroja.com.mx\/index.php?rest_route=%2Fwp%2Fv2%2Fcategories&post=20167"},{"taxonomy":"post_tag","embeddable":true,"href":"https:\/\/zonaroja.com.mx\/index.php?rest_route=%2Fwp%2Fv2%2Ftags&post=20167"}],"curies":[{"name":"wp","href":"https:\/\/api.w.org\/{rel}","templated":true}]}}