{"id":2017,"date":"2019-07-04T10:07:50","date_gmt":"2019-07-04T15:07:50","guid":{"rendered":"http:\/\/www.zonaroja.com.mx\/?p=2017"},"modified":"2019-07-04T07:11:15","modified_gmt":"2019-07-04T12:11:15","slug":"ni-a-su-personal-hace-justicia-la-fiscalia-general-denuncian-acoso","status":"publish","type":"post","link":"https:\/\/zonaroja.com.mx\/?p=2017","title":{"rendered":"Ni a su personal hace justicia la Fiscal\u00eda General; denuncian acoso"},"content":{"rendered":"\n<p>Redacci\u00f3n<\/p>\n\n\n\n<p>Oaxaca de\nJu\u00e1rez, Oax., 4 de julio de 2019.- Ni para el personal de la Fiscal\u00eda General\ndel Estado hay atenci\u00f3n contra el acoso sexual ni justicia por sus asesinados\nen el cumplimiento del deber.<\/p>\n\n\n\n<p>Lucero\nAyerim Contreras Alceda, ex agente de la Fuerza de Reacci\u00f3n Inmediata (FERI) &#8211;corporaci\u00f3n\nbajo el mando directo del fiscal Rub\u00e9n Vasconcelos&#8211;, denunci\u00f3 que fue v\u00edctima\nde abuso sexual por parte del director del grupo, Te\u00f3filo Ruiz Carmona, y del\ncomandante Claudio V\u00e1squez Ju\u00e1rez, quienes adem\u00e1s la han amenazado v\u00eda\ntelef\u00f3nica.<\/p>\n\n\n\n<p>Por lo\nanterior interpuso una queja en la Defensor\u00eda de los Derechos Humanos del\nPueblo de Oaxaca, en donde se inici\u00f3 el expediente DDHPO\/1038\/(01)OAX\/2019, a\nla par que interpuso una demanda penal ante la Fiscal\u00eda Especializada para la\nAtenci\u00f3n a Delitos Contra la Mujer por Raz\u00f3n de G\u00e9nero.<\/p>\n\n\n\n<p>\u201cYo llegu\u00e9\nal a Fuerza Especial de Reacci\u00f3n Inmediata, dependiente de la Fiscal\u00eda General\ndel Estado, por un conocido. Al poco tiempo de ingresar comenc\u00e9 a sufrir acoso,\nquer\u00edan faltarme al respeto y lo hicieron, sufr\u00ed humillaciones. Tocaban partes\nde mi cuerpo que yo no se los permit\u00eda\u201d, cita en la demanda.<\/p>\n\n\n\n<p>M\u00c1S V\u00cdCTIMAS<\/p>\n\n\n\n<p>De acuerdo\ncon el testimonio, la mujer permaneci\u00f3 un a\u00f1o y cuatro meses en la dependencia\n(de finales del 2017 a inicios del 2019) a la cual renuncio ante el acoso que\nsufr\u00eda y que adem\u00e1s increment\u00f3 en amenazas hacia su persona, \u201cme amenazaron con\nhacerle da\u00f1o a mi pap\u00e1. Me hicieron una llamada telef\u00f3nica y tambi\u00e9n a mi padre\nen la que nos dijeron que dejara de hablar cosas que nos son, y que ya sab\u00edan\nd\u00f3nde viv\u00eda\u201d.<\/p>\n\n\n\n<p>As\u00ed mismo\nrefiere que no se trata de la \u00fanica v\u00edctima y por el contrario asegur\u00f3 que por\nlo menos conoce otro caso similar cuya afectada no quiere hacerlo p\u00fablico por\ntemor a represalias, \u201ca la otra chica la traen en \u2018chinga\u2019, porque la castigan\ny la traen de arriba abajo, adem\u00e1s de que no la dejan descansar\u201d.<\/p>\n\n\n\n<p>Pidi\u00f3 que se\nagilicen los tr\u00e1mites tanto al interior de la DDHPO como de la Fiscal\u00eda\nEspecializada para la Atenci\u00f3n a Delitos Contra la Mujer por Raz\u00f3n de G\u00e9nero, a\nfin de que puedan sancionar a los imputados, ya que con el paso del tiempo el\nriesgo y los abusos que viven las mujeres en esta agrupaci\u00f3n de seguridad\nestatal se incrementan.<\/p>\n\n\n\n<p>SIN JUSTICIA<\/p>\n\n\n\n<p>Por su parte\nlos se\u00f1alados de acoso y abuso de autoridad respondieron ante la autoridad y\nnegaron las acusaciones, sin embargo el nombre de Te\u00f3filo Ruiz Carmona aparece\nen otro cuaderno de antecedentes n\u00famero DDHPO\/CA\/005\/RI\/(21)\/OAX\/2015 debido a\nun enfrentamiento entre elementos de la Fuerza Especial de Reacci\u00f3n Inmediata,\nAgentes Estatales de Investigaci\u00f3n y polic\u00edas municipales en Santo Domingo\nTehuantepec.<\/p>\n\n\n\n<p>En tanto, familiares\nde dos elementos de la Agencia Estatal de Investigaciones (AEI) asesinados y\ncalcinados el a\u00f1o pasado lamentaron que hasta ahora no haya justicia para\nellos, pues no hay personas detenidas ni avance en las investigaciones.<\/p>\n\n\n\n<p>El 20 de\nmayo de 2018, en el paraje \u201cEl Mirador\u201d, de la agencia municipal L\u00e1zaro\nC\u00e1rdenas perteneciente al municipio de San Miguel El Grande, fueron hallados\nlos cuerpos de Juan Garc\u00eda y Labias Santiago Delfino, placas 526 y 836,\nrespectivamente.<\/p>\n\n\n\n<p>En un comunicado,\nla Fiscal\u00eda General afirm\u00f3 entonces que se har\u00e1 todo lo necesario para que los\nhechos no queden impunes.<\/p>\n","protected":false},"excerpt":{"rendered":"<p>Redacci\u00f3n Oaxaca de Ju\u00e1rez, Oax., 4 de julio de 2019.- Ni para el personal de&hellip;<\/p>\n","protected":false},"author":2,"featured_media":2018,"comment_status":"closed","ping_status":"open","sticky":false,"template":"","format":"standard","meta":{"_lmt_disableupdate":"","_lmt_disable":"","_jetpack_memberships_contains_paid_content":false,"footnotes":""},"categories":[109,47],"tags":[300,59,301],"class_list":["post-2017","post","type-post","status-publish","format-standard","has-post-thumbnail","hentry","category-minuto-a-minuto","category-zona-gris","tag-acoso-sexual","tag-fiscalia-general-del-estado","tag-fuerza-especial-de-reaccion-inmediata"],"jetpack_featured_media_url":"https:\/\/zonaroja.com.mx\/wp-content\/uploads\/2019\/07\/IMG_5415.jpg","jetpack_sharing_enabled":true,"_links":{"self":[{"href":"https:\/\/zonaroja.com.mx\/index.php?rest_route=\/wp\/v2\/posts\/2017","targetHints":{"allow":["GET"]}}],"collection":[{"href":"https:\/\/zonaroja.com.mx\/index.php?rest_route=\/wp\/v2\/posts"}],"about":[{"href":"https:\/\/zonaroja.com.mx\/index.php?rest_route=\/wp\/v2\/types\/post"}],"author":[{"embeddable":true,"href":"https:\/\/zonaroja.com.mx\/index.php?rest_route=\/wp\/v2\/users\/2"}],"replies":[{"embeddable":true,"href":"https:\/\/zonaroja.com.mx\/index.php?rest_route=%2Fwp%2Fv2%2Fcomments&post=2017"}],"version-history":[{"count":1,"href":"https:\/\/zonaroja.com.mx\/index.php?rest_route=\/wp\/v2\/posts\/2017\/revisions"}],"predecessor-version":[{"id":2019,"href":"https:\/\/zonaroja.com.mx\/index.php?rest_route=\/wp\/v2\/posts\/2017\/revisions\/2019"}],"wp:featuredmedia":[{"embeddable":true,"href":"https:\/\/zonaroja.com.mx\/index.php?rest_route=\/wp\/v2\/media\/2018"}],"wp:attachment":[{"href":"https:\/\/zonaroja.com.mx\/index.php?rest_route=%2Fwp%2Fv2%2Fmedia&parent=2017"}],"wp:term":[{"taxonomy":"category","embeddable":true,"href":"https:\/\/zonaroja.com.mx\/index.php?rest_route=%2Fwp%2Fv2%2Fcategories&post=2017"},{"taxonomy":"post_tag","embeddable":true,"href":"https:\/\/zonaroja.com.mx\/index.php?rest_route=%2Fwp%2Fv2%2Ftags&post=2017"}],"curies":[{"name":"wp","href":"https:\/\/api.w.org\/{rel}","templated":true}]}}