{"id":20170,"date":"2020-11-17T15:27:33","date_gmt":"2020-11-17T21:27:33","guid":{"rendered":"https:\/\/www.zonaroja.com.mx\/?p=20170"},"modified":"2020-11-17T15:27:35","modified_gmt":"2020-11-17T21:27:35","slug":"pasa-informe-y-regresa-ingobernabilidad-en-oaxaca-multiples-protestas-hoy","status":"publish","type":"post","link":"https:\/\/zonaroja.com.mx\/?p=20170","title":{"rendered":"Pasa informe y regresa ingobernabilidad en Oaxaca; m\u00faltiples protestas hoy"},"content":{"rendered":"\n<p class=\"MsoNormal\">Yuridiana Sosa\/Zona. Roja. <\/p>\n\n\n\n<p class=\"MsoNormal\">Oaxaca de Ju\u00e1rez, Oax., 17 de noviembre de 2020.- La capital de Oaxaca y la zona conurbada qued\u00f3 sitiada; en el Centro Hist\u00f3rico, afuera de Casa Oficial y en el z\u00f3calo, tambi\u00e9n se arm\u00f3 el caos.<\/p>\n\n\n\n<p class=\"MsoNormal\">Son organizaciones, autoridades auxiliares, ciudadanos, los que exigen atenci\u00f3n y justicia social a sus demandas, tras concluir al Cuarto Informe de Gobierno. <\/p>\n\n\n\n<p class=\"MsoNormal\">Desde las primeras horas&nbsp;<a href=\"\/\/1\">de la ma\u00f1ana<\/a>&nbsp;de&nbsp;<a href=\"\/\/2\">este martes<\/a>, al inicio de la semana laboral tras el d\u00eda de asueto de&nbsp;<a href=\"\/\/3\">este lunes<\/a>, comenzaron las movilizaciones por parte pobladores de las regiones de Valles Centrales; Mixteca, zona triqui; Cuenca y Ca\u00f1ada.<\/p>\n\n\n\n<p class=\"MsoNormal\">CERCO PARA LA CAPITAL&nbsp;<\/p>\n\n\n\n<p class=\"MsoNormal\">Integrantes de la Confederaci\u00f3n Nacional de Industriales de Metales y Recicladores (Conimer) activaron bloqueos en al menos siete cruceros viales y caminos que conectan a la capital con la zona conurbada y salidas para otras regiones del estado.<\/p>\n\n\n\n<p class=\"MsoNormal\">Ello en rechazo a leyes contra el manejo de residuos s\u00f3lidos que impulsan el senador oaxaque\u00f1o Ra\u00fal Bola\u00f1os Cacho Cu\u00e9 y la senadora Ana Lilia Rivera Rivera, de Morena, para modificar la legislaci\u00f3n reglamentaria a fin de que los gobiernos federal, estatales, municipales y alcald\u00edas de la Ciudad de M\u00e9xico impulsen la transformaci\u00f3n de la materia org\u00e1nica de los residuos s\u00f3lidos de los centros urbanos en la generaci\u00f3n de energ\u00eda el\u00e9ctrica.<\/p>\n\n\n\n<p class=\"MsoNormal\">Los trabajadores indicaron que este tipo de leyes los dejar\u00e1 sin empleo, pues no podr\u00e1n comercializar el pl\u00e1stico. \u201cExigimos la erogaci\u00f3n a esa ley y la libertad de nuestro trabajo\u201d.<\/p>\n\n\n\n<p class=\"MsoNormal\">A las movilizaciones se unieron recolectores de 60 rellenos sanitarios en el interior del estado y recicladores que laboran por medio de compra y venta en perifoneo.<\/p>\n\n\n\n<p class=\"MsoNormal\">Los inconformes instalaron bloqueos en la carretera federal 190, en el crucero de Hacienda Blanca, San Pablo Etla, el cual desalojaron para salir en caravana camino al z\u00f3calo de la capital.<\/p>\n\n\n\n<p class=\"MsoNormal\">Tambi\u00e9n cerraron el paso en la carretera federal 190 en el crucero del Monumento a Ju\u00e1rez -Huay\u00e1pam, mpidiendo el paso sobre esa v\u00eda para continuar el paso a la regi\u00f3n del Istmo, sierra Norte y Cuenca.<\/p>\n\n\n\n<p class=\"MsoNormal\">Adem\u00e1s, en la carretera federal 175 a la altura del crucero de la \u201cY\u201d; avenida Eduardo Mata en inmediaciones Chedraui Perif\u00e9rico, direcci\u00f3n Cinco Se\u00f1ores &#8211; Parque del Amor.<\/p>\n\n\n\n<p>Despu\u00e9s de ello, de los puntos del bloqueo partieron en caravana al centro de la capital oaxaque\u00f1a, donde efectuaron un mitin en el z\u00f3calo. <\/p>\n\n\n\n<p class=\"MsoNormal\">AUTORIDADES EXHIBEN OMISI\u00d3N&nbsp;<\/p>\n\n\n\n<p class=\"MsoNormal\">Por otra parte, autoridades auxiliares del municipio de Santiago Juxtlahuaca, se manifestaron en Casa Oficial para exigir a la Secretar\u00eda General de Gobierno cumpla con los compromisos para presionar la entrega de recursos a las comunidades.<\/p>\n\n\n\n<p class=\"MsoNormal\">Las autoridades de La Sabana, Tierra Blanca, Llano De Ju\u00e1rez y Yutuzan\u00ed, Copala, de Santiago Juxtlahuaca, demandaron al titular de la Segego, Francisco Garc\u00eda L\u00f3pez, que agilice el pago por parte del edil Nicol\u00e1s Feria Romero, de los recursos de los Ramos 33 y 28, de los a\u00f1os fiscales del 2018 al 2020, y realizaciones de obra p\u00fablica, como son apertura de caminos, pavimentaciones, red de agua potable y drenaje.<\/p>\n\n\n\n<p class=\"MsoNormal\">La representante de los inconformes, Nayeli Dom\u00ednguez, se\u00f1al\u00f3 que hace 15 d\u00edas se reunieron con Garc\u00eda L\u00f3pez, donde se comprometi\u00f3 a cumplirles sus demandas, pero hasta la fecha no hab\u00eda avances. \u201cQueremos decirle que se tome en serio nuestras demandas\u201d, se\u00f1al\u00f3.<\/p>\n\n\n\n<p>En tanto integrantes de la Organizaci\u00f3n Mexicana de Comunidades Ind\u00edgenas tambi\u00e9n instalaron un bloqueo fuera de Casa Oficial y advirtieron de un \u201cplant\u00f3n\u201d de forma indefinida.<\/p>\n\n\n\n<p class=\"MsoNormal\">Entre otras de sus demandas, citaron que son del \u00e1mbito educativo, infraestructura b\u00e1sica, viviendas dignas, pisos y techos firmes, ba\u00f1os; en salud, medicamentos para los Centros de Salud de los Servicios de Salud de Oaxaca.<\/p>\n\n\n\n<p class=\"MsoNormal\">En esta movilizaci\u00f3n particip\u00f3 una representaci\u00f3n de los agremiados de la regi\u00f3n de la Cuenca, pero advirti\u00f3 que de no tener atenciones, se integrar\u00e1n los afiliados de la regi\u00f3n de Valles Centrales y Ca\u00f1ada.<\/p>\n\n\n\n<p class=\"MsoNormal\">SOLO PROMESAS<\/p>\n\n\n\n<p class=\"MsoNormal\">Las autoridades de Juxtlahuaca se retiraron luego de una promesa de di\u00e1logo para el pr\u00f3ximo&nbsp;<a href=\"\/\/4\">26 de noviembre<\/a>&nbsp;con el presidente municipal, Nicol\u00e1s Feria Romero.<\/p>\n\n\n\n<p class=\"MsoNormal\">Mientras que los recolectores exigen atenci\u00f3n del titular de la Secretar\u00eda de Medio Ambiente Energ\u00eda y Desarrollo Sustentable de Oaxaca (Semaedeso), Samuel Gurri\u00f3n. <\/p>\n","protected":false},"excerpt":{"rendered":"<p>Yuridiana Sosa\/Zona. Roja. Oaxaca de Ju\u00e1rez, Oax., 17 de noviembre de 2020.- La capital de&hellip;<\/p>\n","protected":false},"author":2,"featured_media":20169,"comment_status":"closed","ping_status":"open","sticky":false,"template":"","format":"standard","meta":{"_lmt_disableupdate":"","_lmt_disable":"","_jetpack_memberships_contains_paid_content":false,"footnotes":""},"categories":[109,47],"tags":[],"class_list":["post-20170","post","type-post","status-publish","format-standard","has-post-thumbnail","hentry","category-minuto-a-minuto","category-zona-gris"],"jetpack_featured_media_url":"https:\/\/zonaroja.com.mx\/wp-content\/uploads\/2020\/11\/6a6e5c13-c7cb-4339-839a-ee2e2f061145.jpg","jetpack_sharing_enabled":true,"_links":{"self":[{"href":"https:\/\/zonaroja.com.mx\/index.php?rest_route=\/wp\/v2\/posts\/20170","targetHints":{"allow":["GET"]}}],"collection":[{"href":"https:\/\/zonaroja.com.mx\/index.php?rest_route=\/wp\/v2\/posts"}],"about":[{"href":"https:\/\/zonaroja.com.mx\/index.php?rest_route=\/wp\/v2\/types\/post"}],"author":[{"embeddable":true,"href":"https:\/\/zonaroja.com.mx\/index.php?rest_route=\/wp\/v2\/users\/2"}],"replies":[{"embeddable":true,"href":"https:\/\/zonaroja.com.mx\/index.php?rest_route=%2Fwp%2Fv2%2Fcomments&post=20170"}],"version-history":[{"count":1,"href":"https:\/\/zonaroja.com.mx\/index.php?rest_route=\/wp\/v2\/posts\/20170\/revisions"}],"predecessor-version":[{"id":20171,"href":"https:\/\/zonaroja.com.mx\/index.php?rest_route=\/wp\/v2\/posts\/20170\/revisions\/20171"}],"wp:featuredmedia":[{"embeddable":true,"href":"https:\/\/zonaroja.com.mx\/index.php?rest_route=\/wp\/v2\/media\/20169"}],"wp:attachment":[{"href":"https:\/\/zonaroja.com.mx\/index.php?rest_route=%2Fwp%2Fv2%2Fmedia&parent=20170"}],"wp:term":[{"taxonomy":"category","embeddable":true,"href":"https:\/\/zonaroja.com.mx\/index.php?rest_route=%2Fwp%2Fv2%2Fcategories&post=20170"},{"taxonomy":"post_tag","embeddable":true,"href":"https:\/\/zonaroja.com.mx\/index.php?rest_route=%2Fwp%2Fv2%2Ftags&post=20170"}],"curies":[{"name":"wp","href":"https:\/\/api.w.org\/{rel}","templated":true}]}}