{"id":20172,"date":"2020-11-17T16:35:30","date_gmt":"2020-11-17T22:35:30","guid":{"rendered":"http:\/\/www.zonaroja.com.mx\/?p=20172"},"modified":"2020-11-17T17:05:48","modified_gmt":"2020-11-17T23:05:48","slug":"piden-justicia-por-asesinato-de-joven-en-mixtepec-acusan-a-la-policia-de-los-hechos","status":"publish","type":"post","link":"https:\/\/zonaroja.com.mx\/?p=20172","title":{"rendered":"Piden justicia por asesinato de joven en Mixtepec; acusan a la polic\u00eda de los hechos"},"content":{"rendered":"\n<p>Evlin Arag\u00f3n\/Zona Roja.<\/p>\n\n\n\n<p>Oaxaca de Ju\u00e1rez, Oax., 17 de noviembre de 2020.- Familiares de Marco Antonio Hern\u00e1ndez Bautista exigieron justicia para el joven de 32 a\u00f1os de edad, quien fue localizado sin vida, luego de ser detenido por cuatro elementos de la Polic\u00eda Municipal de San Juan Mixtepec, perteneciente a la regi\u00f3n Mixteca, el pasado 25 de octubre.&nbsp;&nbsp;<\/p>\n\n\n\n<p>\u201cExigimos justicia y esclarecimiento de los hechos, no puede ser que por la tarde hayan arrestado a mi hermano y al otro d\u00eda haya aparecido muerto. Queremos justicia\u201d, dijo hoy la Heroica Ciudad de Tlaxiaco la hermana del joven, que estuvo acompa\u00f1ada de su madre y dos de sus t\u00edos.&nbsp;<\/p>\n\n\n\n<p>Durante la conferencia, con el respaldo del Centro de Derechos Humanos y Asesor\u00eda a Pueblos Ind\u00edgenas (Cedhapi), explicaron que, pese a que hay testigos que confirman que cuatro polic\u00edas arrestaron a Marco Antonio, las autoridades aseguran que no saben nada de su muerte y la aparici\u00f3n de su cuerpo en un paraje conocido como \u201cCamino a la Huertas\u201d, en la poblaci\u00f3n.&nbsp;<\/p>\n\n\n\n<p>El cuerpo de la v\u00edctima presentaba signos de violencia y tortura; de hecho, la causa de su fallecimiento fue ahogamiento, raz\u00f3n por la que la familia atribuye la responsabilidad directa a los polic\u00edas e indirecta a las autoridades municipales que se han negado a investigar los hechos.&nbsp;<\/p>\n\n\n\n<p>Por lo anterior, presentaron la denuncia con folio 33013\/FMIX\/JuxtlahuacaCA2020, con la intenci\u00f3n de buscar el esclarecimiento del caso, sin embargo, hasta el momento no hay respuesta por parte de la Fiscal\u00eda General de Justicia, de ah\u00ed que piden la intervenci\u00f3n del gobernador de Oaxaca, Alejandro Murat Hinojosa.\u00a0<\/p>\n\n\n\n<p>\u201cLa autoridad est\u00e1 para cuidar al pueblo no para hacerle da\u00f1o. No es posible que los polic\u00edas, en quienes ya no confiamos, siguen trabajando como si nada hubiera pasado, mientras una familia sigue de luto\u201d, dijeron familiares de la v\u00edctima, entre ellos la madre Soledad Bautista Ch\u00e1vez.<\/p>\n\n\n\n<p>As\u00ed mismo, responsabilizaron a los elementos policiacos de la localidad y las autoridades municipales de cualquier cosa que les pueda pasar en su exigencia de justicia, la cual han emprendido desde hace d\u00edas, a sabiendas que si permanecen en silencio nada cambiara en cuanto a la corrupci\u00f3n e impunidad que impera en el pa\u00eds.<\/p>\n\n\n\n<p>\u201cEstamos en un pa\u00eds donde existe mucho la corrupci\u00f3n, por lo que muchos de los casos han quedado impunes y en el olvido, sobre todo si no se cuenta con conocidos en el gobierno o no se cuenta con dinero para sobornar a las propias autoridades\u201d, sentenciaron.&nbsp;<\/p>\n\n\n\n<p>Lamentaron que la situaci\u00f3n sea una constante en la regi\u00f3n, donde las autoridades se sienten intocables y violentan a la poblaci\u00f3n; de ah\u00ed que ya no exista confianza en ellas por lo que incluso exigen la revocaci\u00f3n del mandato en caso de comprobarse su omisi\u00f3n, encubrimiento o complicidad en el crimen.&nbsp;<\/p>\n\n\n\n<p>Por su parte Maurilio Santiago Reyes, representante de Cedhapi, asegur\u00f3 que el abuso policiaco ha sido una constante durante todo el a\u00f1o, prueba de ello los casos de \u00c1ngel Daniel Bautista V\u00e1squez quien fue torturado por elementos de la polic\u00eda municipal de Tlaxiaco, el 21 de marzo; as\u00ed como el joven Alexander, asesinado por elementos de la polic\u00eda de Acatl\u00e1n de P\u00e9rez Figueroa, el pasado 9 de junio.<\/p>\n\n\n\n<p>De igual forma los caos de Jaciel y Diego, quienes en mayo pasado fueron \u201cpuestos\u201d por la polic\u00eda municipal de San Pablo Huitzo para que fueron golpeados por un grupo de ciudadanos, provocando la muerte de uno de ellos.<\/p>\n\n\n\n<p>Ra\u00fal S\u00e1nchez Mart\u00ednez, que fue torturado por polic\u00edas de Ejutla de Crespo, el 15 de octubre; y finalmente el de un grupo de mujeres ind\u00edgenas, vendedoras ambulantes de productos org\u00e1nicos, entre ellas una menor de edad que fueron agredidas el 25 de agosto.<\/p>\n","protected":false},"excerpt":{"rendered":"<p>Evlin Arag\u00f3n\/Zona Roja. Oaxaca de Ju\u00e1rez, Oax., 17 de noviembre de 2020.- Familiares de Marco&hellip;<\/p>\n","protected":false},"author":2,"featured_media":20173,"comment_status":"closed","ping_status":"open","sticky":false,"template":"","format":"standard","meta":{"_lmt_disableupdate":"","_lmt_disable":"","_jetpack_memberships_contains_paid_content":false,"footnotes":""},"categories":[109,47],"tags":[2225,1768],"class_list":["post-20172","post","type-post","status-publish","format-standard","has-post-thumbnail","hentry","category-minuto-a-minuto","category-zona-gris","tag-marco-antonio-hernandez-bautista","tag-san-juan-mixtepec"],"jetpack_featured_media_url":"https:\/\/zonaroja.com.mx\/wp-content\/uploads\/2020\/11\/Asesinado-en-San-Juan-Mixtepec.jpg","jetpack_sharing_enabled":true,"_links":{"self":[{"href":"https:\/\/zonaroja.com.mx\/index.php?rest_route=\/wp\/v2\/posts\/20172","targetHints":{"allow":["GET"]}}],"collection":[{"href":"https:\/\/zonaroja.com.mx\/index.php?rest_route=\/wp\/v2\/posts"}],"about":[{"href":"https:\/\/zonaroja.com.mx\/index.php?rest_route=\/wp\/v2\/types\/post"}],"author":[{"embeddable":true,"href":"https:\/\/zonaroja.com.mx\/index.php?rest_route=\/wp\/v2\/users\/2"}],"replies":[{"embeddable":true,"href":"https:\/\/zonaroja.com.mx\/index.php?rest_route=%2Fwp%2Fv2%2Fcomments&post=20172"}],"version-history":[{"count":2,"href":"https:\/\/zonaroja.com.mx\/index.php?rest_route=\/wp\/v2\/posts\/20172\/revisions"}],"predecessor-version":[{"id":20180,"href":"https:\/\/zonaroja.com.mx\/index.php?rest_route=\/wp\/v2\/posts\/20172\/revisions\/20180"}],"wp:featuredmedia":[{"embeddable":true,"href":"https:\/\/zonaroja.com.mx\/index.php?rest_route=\/wp\/v2\/media\/20173"}],"wp:attachment":[{"href":"https:\/\/zonaroja.com.mx\/index.php?rest_route=%2Fwp%2Fv2%2Fmedia&parent=20172"}],"wp:term":[{"taxonomy":"category","embeddable":true,"href":"https:\/\/zonaroja.com.mx\/index.php?rest_route=%2Fwp%2Fv2%2Fcategories&post=20172"},{"taxonomy":"post_tag","embeddable":true,"href":"https:\/\/zonaroja.com.mx\/index.php?rest_route=%2Fwp%2Fv2%2Ftags&post=20172"}],"curies":[{"name":"wp","href":"https:\/\/api.w.org\/{rel}","templated":true}]}}