{"id":20181,"date":"2020-11-17T19:27:53","date_gmt":"2020-11-18T01:27:53","guid":{"rendered":"http:\/\/www.zonaroja.com.mx\/?p=20181"},"modified":"2020-11-17T19:27:57","modified_gmt":"2020-11-18T01:27:57","slug":"retira-eu-cargos-a-cienfuegos-mexico-dice-que-seguira-juicio","status":"publish","type":"post","link":"https:\/\/zonaroja.com.mx\/?p=20181","title":{"rendered":"Retira EU cargos a Cienfuegos; M\u00e9xico dice que seguir\u00e1 juicio"},"content":{"rendered":"\n<p>Redacci\u00f3n\/Zona Roja Cdmx.<\/p>\n\n\n\n<p>Ciudad de M\u00e9xico, 17 de noviembre de 2020.- El Departamento de Justicia de los Estados Unidos de Norteam\u00e9rica declin\u00f3 continuar el juicio en contra del ex secretario de la Defensa Nacional en M\u00e9xico, Salvador Cienfuegos Zepeda.<\/p>\n\n\n\n<p>El titular de la Secretar\u00eda de Relaciones Exteriores de este pa\u00eds, Marcelo Ebrard, confirm\u00f3 el acuerdo de la naci\u00f3n norteamericana con la Fiscal\u00eda General de la Rep\u00fablica.<\/p>\n\n\n\n<p>En conferencia de prensan esta tarde, asegur\u00f3 que las investigaciones por presuntos v\u00ednculos con el crimen organizado que se seguir\u00e1n en M\u00e9xico contra el general Cienfuegos, se basar\u00e1n en la investigaci\u00f3n hecha por autoridades estadunidenses y que hace seis d\u00edas se hicieron llegar a la canciller\u00eda mexicana.<\/p>\n\n\n\n<p>Detall\u00f3 parte del proceso diplom\u00e1tico que se sigui\u00f3 para alcanzar un acuerdo entre el Departamento de Justicia de Estados Unidos y la Fiscal\u00eda General de la Rep\u00fablica (FGR) a fin de que se desestimaran los cargos contra el general en aquel pa\u00eds para que sea juzgado con base en las leyes mexicanas.<\/p>\n\n\n\n<p>Ebrard inform\u00f3 que una vez que la jueza del caso en aquel pa\u00eds se pronuncie y d\u00e9 pauta a que se concrete este acuerdo, la FGR, que ya tiene abierta una investigaci\u00f3n contra el general Cienfuegos Zepeda, \u201crecibir\u00e1 a un ciudadano mexicano que no tiene cargos en Estados Unidos en este momento\u201d y que ser\u00e1 sometido a una investigaci\u00f3n en nuestro pa\u00eds con apego a las leyes mexicanas.<\/p>\n\n\n\n<p>Enfatiz\u00f3 que este acuerdo representa \u201cno un acto a la impunidad, sino un acto de respeto a M\u00e9xico y a sus fuerzas armadas\u201d, pidi\u00f3 todo el cr\u00e9dito de la negociaci\u00f3n al Fiscal General de la Rep\u00fablica Alejandro Gertz Manero cuyas diligencias, dijo Ebrad, fueron atinadas y en\u00e9rgicas.<\/p>\n\n\n\n<p>Aclar\u00f3 que ma\u00f1ana, durante la audiencia de Cienfuegos Zepeda programada en Nueva York, la jueza del caso se pronunciar\u00e1 sobre este desestimiento en las indagatorias en aquel pa\u00eds, a fin de que en breve el general sea trasladado a M\u00e9xico y puesto a disposici\u00f3n de la FGR.<\/p>\n\n\n\n<p>\u201cMa\u00f1ana tendr\u00e1 conocimiento la juez de Nueva York y tendr\u00e1 que acordar lo que a su juicio decida. Significa que seguir\u00e1 su proceso en M\u00e9xico, que retornar\u00e1 a nuestro pa\u00eds, significa que los hechos presumiblemente se llevaron a cabo en territorio mexicano, significa que los indicios dentro del \u00e1mbito de la FGR tendr\u00e1n que ser confirmados por esa dependencia, significa un acto que vemos con simpat\u00eda\u201d, refiri\u00f3 Ebrard.<\/p>\n\n\n\n<p>(Con informaci\u00f3n de \u201cLa Jornada\u201d)<\/p>\n","protected":false},"excerpt":{"rendered":"<p>Redacci\u00f3n\/Zona Roja Cdmx. Ciudad de M\u00e9xico, 17 de noviembre de 2020.- El Departamento de Justicia&hellip;<\/p>\n","protected":false},"author":2,"featured_media":18910,"comment_status":"closed","ping_status":"open","sticky":false,"template":"","format":"standard","meta":{"_lmt_disableupdate":"","_lmt_disable":"","_jetpack_memberships_contains_paid_content":false,"footnotes":""},"categories":[109,47],"tags":[2108],"class_list":["post-20181","post","type-post","status-publish","format-standard","has-post-thumbnail","hentry","category-minuto-a-minuto","category-zona-gris","tag-salvador-cienfuegos-zepeda"],"jetpack_featured_media_url":"https:\/\/zonaroja.com.mx\/wp-content\/uploads\/2020\/10\/Salvador-Cienfuegos-audiencia-2.jpg","jetpack_sharing_enabled":true,"_links":{"self":[{"href":"https:\/\/zonaroja.com.mx\/index.php?rest_route=\/wp\/v2\/posts\/20181","targetHints":{"allow":["GET"]}}],"collection":[{"href":"https:\/\/zonaroja.com.mx\/index.php?rest_route=\/wp\/v2\/posts"}],"about":[{"href":"https:\/\/zonaroja.com.mx\/index.php?rest_route=\/wp\/v2\/types\/post"}],"author":[{"embeddable":true,"href":"https:\/\/zonaroja.com.mx\/index.php?rest_route=\/wp\/v2\/users\/2"}],"replies":[{"embeddable":true,"href":"https:\/\/zonaroja.com.mx\/index.php?rest_route=%2Fwp%2Fv2%2Fcomments&post=20181"}],"version-history":[{"count":1,"href":"https:\/\/zonaroja.com.mx\/index.php?rest_route=\/wp\/v2\/posts\/20181\/revisions"}],"predecessor-version":[{"id":20182,"href":"https:\/\/zonaroja.com.mx\/index.php?rest_route=\/wp\/v2\/posts\/20181\/revisions\/20182"}],"wp:featuredmedia":[{"embeddable":true,"href":"https:\/\/zonaroja.com.mx\/index.php?rest_route=\/wp\/v2\/media\/18910"}],"wp:attachment":[{"href":"https:\/\/zonaroja.com.mx\/index.php?rest_route=%2Fwp%2Fv2%2Fmedia&parent=20181"}],"wp:term":[{"taxonomy":"category","embeddable":true,"href":"https:\/\/zonaroja.com.mx\/index.php?rest_route=%2Fwp%2Fv2%2Fcategories&post=20181"},{"taxonomy":"post_tag","embeddable":true,"href":"https:\/\/zonaroja.com.mx\/index.php?rest_route=%2Fwp%2Fv2%2Ftags&post=20181"}],"curies":[{"name":"wp","href":"https:\/\/api.w.org\/{rel}","templated":true}]}}