{"id":20186,"date":"2020-11-17T21:04:18","date_gmt":"2020-11-18T03:04:18","guid":{"rendered":"http:\/\/www.zonaroja.com.mx\/?p=20186"},"modified":"2020-11-17T21:04:21","modified_gmt":"2020-11-18T03:04:21","slug":"otro-probable-feminicidio-en-oaxaca-ahora-en-juchitan","status":"publish","type":"post","link":"https:\/\/zonaroja.com.mx\/?p=20186","title":{"rendered":"Otro probable feminicidio en Oaxaca, ahora en Juchit\u00e1n"},"content":{"rendered":"\n<p>Redacci\u00f3n\/Zona Roja.<\/p>\n\n\n\n<p>Oaxaca de Ju\u00e1rez, Oax., 17 de noviembre de 2020.- Otro probable feminicidio se registr\u00f3 este martes en Oaxaca, ahora en Juchit\u00e1n de Zaragoza.<\/p>\n\n\n\n<p>Elementos de corporaciones policiacas municipales y estatales acudieron la ma\u00f1ana de hoy a las orillas del r\u00edo \u201cLos Perros\u201d, a la altura de la S\u00e9ptima Secci\u00f3n, tras la denuncia de vecinos.<\/p>\n\n\n\n<p>Ah\u00ed localizaron en cad\u00e1ver de una mujer, en estado de descomposici\u00f3n, envuelto en una lona de color verde.<\/p>\n\n\n\n<p>Los restos de la v\u00edctima fueron levantados por personal de la Vicefiscal\u00eda Regional del Istmo, que inici\u00f3 la carpeta de investigaci\u00f3n bajo los protocolos de feminicidio. Hasta esta noche se desconoce la identidad de la mujer as\u00ed como las causas del deceso.<\/p>\n","protected":false},"excerpt":{"rendered":"<p>Redacci\u00f3n\/Zona Roja. Oaxaca de Ju\u00e1rez, Oax., 17 de noviembre de 2020.- Otro probable feminicidio se&hellip;<\/p>\n","protected":false},"author":2,"featured_media":17537,"comment_status":"closed","ping_status":"open","sticky":false,"template":"","format":"standard","meta":{"_lmt_disableupdate":"","_lmt_disable":"","_jetpack_memberships_contains_paid_content":false,"footnotes":""},"categories":[109,51],"tags":[543,610],"class_list":["post-20186","post","type-post","status-publish","format-standard","has-post-thumbnail","hentry","category-minuto-a-minuto","category-zona-roja","tag-feminicidio-en-juchitan","tag-feminicidios-oaxaca"],"jetpack_featured_media_url":"https:\/\/zonaroja.com.mx\/wp-content\/uploads\/2020\/09\/Asesinato-mujer-feminicidio.jpg","jetpack_sharing_enabled":true,"_links":{"self":[{"href":"https:\/\/zonaroja.com.mx\/index.php?rest_route=\/wp\/v2\/posts\/20186","targetHints":{"allow":["GET"]}}],"collection":[{"href":"https:\/\/zonaroja.com.mx\/index.php?rest_route=\/wp\/v2\/posts"}],"about":[{"href":"https:\/\/zonaroja.com.mx\/index.php?rest_route=\/wp\/v2\/types\/post"}],"author":[{"embeddable":true,"href":"https:\/\/zonaroja.com.mx\/index.php?rest_route=\/wp\/v2\/users\/2"}],"replies":[{"embeddable":true,"href":"https:\/\/zonaroja.com.mx\/index.php?rest_route=%2Fwp%2Fv2%2Fcomments&post=20186"}],"version-history":[{"count":1,"href":"https:\/\/zonaroja.com.mx\/index.php?rest_route=\/wp\/v2\/posts\/20186\/revisions"}],"predecessor-version":[{"id":20187,"href":"https:\/\/zonaroja.com.mx\/index.php?rest_route=\/wp\/v2\/posts\/20186\/revisions\/20187"}],"wp:featuredmedia":[{"embeddable":true,"href":"https:\/\/zonaroja.com.mx\/index.php?rest_route=\/wp\/v2\/media\/17537"}],"wp:attachment":[{"href":"https:\/\/zonaroja.com.mx\/index.php?rest_route=%2Fwp%2Fv2%2Fmedia&parent=20186"}],"wp:term":[{"taxonomy":"category","embeddable":true,"href":"https:\/\/zonaroja.com.mx\/index.php?rest_route=%2Fwp%2Fv2%2Fcategories&post=20186"},{"taxonomy":"post_tag","embeddable":true,"href":"https:\/\/zonaroja.com.mx\/index.php?rest_route=%2Fwp%2Fv2%2Ftags&post=20186"}],"curies":[{"name":"wp","href":"https:\/\/api.w.org\/{rel}","templated":true}]}}