{"id":20190,"date":"2020-11-18T06:56:06","date_gmt":"2020-11-18T12:56:06","guid":{"rendered":"http:\/\/www.zonaroja.com.mx\/?p=20190"},"modified":"2020-11-18T06:56:09","modified_gmt":"2020-11-18T12:56:09","slug":"vuelven-las-altas-cifras-de-contagios-por-covid-este-martes-103","status":"publish","type":"post","link":"https:\/\/zonaroja.com.mx\/?p=20190","title":{"rendered":"Vuelven las altas cifras de contagios por Covid; este martes, 103"},"content":{"rendered":"\n<p>Redacci\u00f3n\/Zona&nbsp; Roja.<\/p>\n\n\n\n<p>Oaxaca de Ju\u00e1rez, Oax. 18 de noviembre de 2020.- Despu\u00e9s de dos d\u00edas de una reducci\u00f3n en las cifras de casos positivos a Covid-19, este martes de nueva cuenta el n\u00famero de contagiados repunt\u00f3.<\/p>\n\n\n\n<p>De acuerdo con la \u00faltima actualizaci\u00f3n de los Servicios de Salud de Oaxaca (SSO), la entidad registr\u00f3 mil 827 decesos asociados al virus SARS-CoV-2, uno m\u00e1s que el corte del lunes, de esta cifra el 40% eran pacientes diab\u00e9ticos.<\/p>\n\n\n\n<p>Asimismo, en un comunicado destac\u00f3 que el n\u00famero de contagios de la enfermedad viral a nivel estatal alcanz\u00f3 a los 22 mil 992 casos, de los cuales 15 mil 310 corresponden a Valles Centrales, dos mil 275 al Istmo, mil 857 a Tuxtepec, mil 692 a la Mixteca, mil 178 a la Costa y 680 a la Sierra.<\/p>\n\n\n\n<p>Del total de pacientes, cuatro mil 311 fueron hospitalizados y 18 mil 681 cursaron la patolog\u00eda en aislamiento domiciliario.<\/p>\n\n\n\n<p>Durante el reporte diario del avance de la pandemia, tambi\u00e9n indic\u00f3, que este 17 de noviembre se identificaron 103 nuevas personas portadoras del Covid-19, un total de 36 mil 517 notificaciones de pacientes con s\u00edntomas respiratorios, nueve mil 938 negativos, tres mil 587 sospechosos y 20 mil 713 personas que se han recuperado del padecimiento viral.<\/p>\n\n\n\n<p>Se\u00f1al\u00f3 que este martes se reportaron 34 municipios con la presencia de contagios nuevos, principalmente: Oaxaca de Ju\u00e1rez con 41, Santa Cruz Xoxocotl\u00e1n con ocho, Santa Cruz Amilpas con seis, Santa Luc\u00eda del Camino con cinco, Santa Mar\u00eda Atzompa con cuatro, as\u00ed como Villa de Etla y Teotitl\u00e1n del Valle con tres, respectivamente, el resto dos y un caso. Con lo que la cifra de casos activos lleg\u00f3 a los 456, el 85 % corresponde a Valles Centrales.<\/p>\n\n\n\n<p>Mencion\u00f3 que la red hospitalaria present\u00f3 el d\u00eda de hoy 33.6% de ocupaci\u00f3n de camas, 41.2% corresponde a camas sin ventilador y 20.9% con ventilador.<\/p>\n","protected":false},"excerpt":{"rendered":"<p>Redacci\u00f3n\/Zona&nbsp; Roja. Oaxaca de Ju\u00e1rez, Oax. 18 de noviembre de 2020.- Despu\u00e9s de dos d\u00edas&hellip;<\/p>\n","protected":false},"author":2,"featured_media":20191,"comment_status":"closed","ping_status":"open","sticky":false,"template":"","format":"standard","meta":{"_lmt_disableupdate":"","_lmt_disable":"","_jetpack_memberships_contains_paid_content":false,"footnotes":""},"categories":[109,47],"tags":[1512],"class_list":["post-20190","post","type-post","status-publish","format-standard","has-post-thumbnail","hentry","category-minuto-a-minuto","category-zona-gris","tag-coronavirus-oaxaca"],"jetpack_featured_media_url":"https:\/\/zonaroja.com.mx\/wp-content\/uploads\/2020\/11\/GRAFICA-SSO-01-2.jpeg","jetpack_sharing_enabled":true,"_links":{"self":[{"href":"https:\/\/zonaroja.com.mx\/index.php?rest_route=\/wp\/v2\/posts\/20190","targetHints":{"allow":["GET"]}}],"collection":[{"href":"https:\/\/zonaroja.com.mx\/index.php?rest_route=\/wp\/v2\/posts"}],"about":[{"href":"https:\/\/zonaroja.com.mx\/index.php?rest_route=\/wp\/v2\/types\/post"}],"author":[{"embeddable":true,"href":"https:\/\/zonaroja.com.mx\/index.php?rest_route=\/wp\/v2\/users\/2"}],"replies":[{"embeddable":true,"href":"https:\/\/zonaroja.com.mx\/index.php?rest_route=%2Fwp%2Fv2%2Fcomments&post=20190"}],"version-history":[{"count":1,"href":"https:\/\/zonaroja.com.mx\/index.php?rest_route=\/wp\/v2\/posts\/20190\/revisions"}],"predecessor-version":[{"id":20192,"href":"https:\/\/zonaroja.com.mx\/index.php?rest_route=\/wp\/v2\/posts\/20190\/revisions\/20192"}],"wp:featuredmedia":[{"embeddable":true,"href":"https:\/\/zonaroja.com.mx\/index.php?rest_route=\/wp\/v2\/media\/20191"}],"wp:attachment":[{"href":"https:\/\/zonaroja.com.mx\/index.php?rest_route=%2Fwp%2Fv2%2Fmedia&parent=20190"}],"wp:term":[{"taxonomy":"category","embeddable":true,"href":"https:\/\/zonaroja.com.mx\/index.php?rest_route=%2Fwp%2Fv2%2Fcategories&post=20190"},{"taxonomy":"post_tag","embeddable":true,"href":"https:\/\/zonaroja.com.mx\/index.php?rest_route=%2Fwp%2Fv2%2Ftags&post=20190"}],"curies":[{"name":"wp","href":"https:\/\/api.w.org\/{rel}","templated":true}]}}