{"id":20193,"date":"2020-11-18T06:58:44","date_gmt":"2020-11-18T12:58:44","guid":{"rendered":"http:\/\/www.zonaroja.com.mx\/?p=20193"},"modified":"2020-11-18T06:58:48","modified_gmt":"2020-11-18T12:58:48","slug":"oaxaca-segundo-lugar-nacional-con-mayor-informalidad-enoe","status":"publish","type":"post","link":"https:\/\/zonaroja.com.mx\/?p=20193","title":{"rendered":"Oaxaca, segundo lugar nacional con mayor informalidad: ENOE"},"content":{"rendered":"\n<p>Yuridiana Sosa\/Zona Roja.<\/p>\n\n\n\n<p>Oaxaca de Ju\u00e1rez, Oax., 18 de noviembre de 2020.- La entidad no supera los niveles de informalidad y en el m\u00e1s reciente resultado del primer levantamiento de la Encuesta Nacional de Ocupaci\u00f3n y Empleo, Nueva Edici\u00f3n (ENOEN), para el trimestre julio-septiembre de 2020, Oaxaca ocupa la segunda posici\u00f3n a nivel nacional con la informalidad m\u00e1s alta.<\/p>\n\n\n\n<p>El estudio que aplica del Instituto Nacional de Geograf\u00eda y Estad\u00edstica (INEGI) arroj\u00f3 que los estados con las tasas m\u00e1s altas de informalidad laboral son Guerrero con 78.5 por ciento, Oaxaca 76.6 por ciento en y Chiapas con 74.3 por ciento.<\/p>\n\n\n\n<p>En la entidad, un mill\u00f3n 733 mil 961 personas se reportaron como ocupadas y 54 mil 840 desocupadas; el ENOEN indic\u00f3 una tasa de desocupaci\u00f3n del 3.1 por ciento y que el 44.8 por ciento de la poblaci\u00f3n ocupada correspond\u00eda a un trabajo asalariado.<\/p>\n\n\n\n<p>El resultado de la encuesta en esta ocasi\u00f3n presenta las estimaciones de las 32 entidades federativas, as\u00ed como de 39 ciudades.<\/p>\n\n\n\n<p>Adem\u00e1s, a partir de esta edici\u00f3n, el INEGI retom\u00f3 la difusi\u00f3n de los datos trimestrales de ocupaci\u00f3n y empleo con la ENOEN despu\u00e9s de la suspensi\u00f3n de la ENOE durante el segundo trimestre de 2020 debido a la pandemia originada por el COVID-19.<\/p>\n\n\n\n<p>\u201cEn t\u00e9rminos generales los resultados del levantamiento de la ENOE del tercer trimestre de 2020 muestran una lenta recuperaci\u00f3n de la ocupaci\u00f3n, que est\u00e1 todav\u00eda por debajo de los niveles previos a la pandemia\u201d, cit\u00f3 el resultado.<\/p>\n\n\n\n<p>El INEGI inform\u00f3 que entre los cambios importantes entre el tercer trimestre de 2019 y mismo periodo de 2020, se registr\u00f3 una disminuci\u00f3n de la Poblaci\u00f3n Econ\u00f3micamente Activa, por la v\u00eda de la poblaci\u00f3n ocupada.<\/p>\n\n\n\n<p>\u201cLa cual se ve reflejada en la ca\u00edda de la ocupaci\u00f3n en el sector terciario, principalmente en restaurantes y servicios de alojamiento, as\u00ed como en el comercio; p\u00e9rdida de empleos de tiempo completo, disminuci\u00f3n de la ocupaci\u00f3n en los micronegocios y en condiciones de informalidad, as\u00ed como un aumento de la desocupaci\u00f3n, la subocupaci\u00f3n y en la ocupaci\u00f3n en situaci\u00f3n cr\u00edtica\u201d.<\/p>\n\n\n\n<p>En cuanto a las ciudades, Oaxaca de Ju\u00e1rez report\u00f3 una de las tasas m\u00e1s bajas en desocupaci\u00f3n en el tercer trimestre del 2020, con un promedio de 2.9 por ciento, resultados que comparte en bajos niveles con Tijuana con 2.1 por ciento y Cuernavaca con 3.2 por ciento.<\/p>\n\n\n\n<p>La capital oaxaque\u00f1a report\u00f3 una poblaci\u00f3n ocupada de 239 mil 239 y siete mil 188 ciudadanos desocupados; y el 64.2 por ciento de las personas ocupadas percib\u00edan un salario.<\/p>\n\n\n\n<p>A nivel nacional, la ENOEN indic\u00f3 una disminuci\u00f3n de menos 3.6 millones de personas en la Poblaci\u00f3n Econ\u00f3micamente Activa (PEA), al pasar de 57.3 millones a 53.8 millones; la poblaci\u00f3n ocupada fue de 51 millones, con una disminuci\u00f3n de menos 4.2 millones.<\/p>\n\n\n\n<p>As\u00ed tambi\u00e9n, la ocupaci\u00f3n laboral en actividades terciarias descendi\u00f3 menos tres millones, con un impacto mayor en el sector de restaurantes y servicios de alojamiento; y en el sector comercio con una reducci\u00f3n de menos 1.1 millones cada uno; y disminuyeron los ocupados en jornadas de m\u00e1s de 48 horas en menos de tres millones y los ocupados en micro negocios en menos 2.2 millones.<\/p>\n","protected":false},"excerpt":{"rendered":"<p>Yuridiana Sosa\/Zona Roja. Oaxaca de Ju\u00e1rez, Oax., 18 de noviembre de 2020.- La entidad no&hellip;<\/p>\n","protected":false},"author":2,"featured_media":20194,"comment_status":"closed","ping_status":"open","sticky":false,"template":"","format":"standard","meta":{"_lmt_disableupdate":"","_lmt_disable":"","_jetpack_memberships_contains_paid_content":false,"footnotes":""},"categories":[109,47],"tags":[1702],"class_list":["post-20193","post","type-post","status-publish","format-standard","has-post-thumbnail","hentry","category-minuto-a-minuto","category-zona-gris","tag-encuesta-nacional-de-ocupacion-y-empleo-enoe"],"jetpack_featured_media_url":"https:\/\/zonaroja.com.mx\/wp-content\/uploads\/2020\/11\/Ambulantes-ciudad-de-Oaxaca.jpg","jetpack_sharing_enabled":true,"_links":{"self":[{"href":"https:\/\/zonaroja.com.mx\/index.php?rest_route=\/wp\/v2\/posts\/20193","targetHints":{"allow":["GET"]}}],"collection":[{"href":"https:\/\/zonaroja.com.mx\/index.php?rest_route=\/wp\/v2\/posts"}],"about":[{"href":"https:\/\/zonaroja.com.mx\/index.php?rest_route=\/wp\/v2\/types\/post"}],"author":[{"embeddable":true,"href":"https:\/\/zonaroja.com.mx\/index.php?rest_route=\/wp\/v2\/users\/2"}],"replies":[{"embeddable":true,"href":"https:\/\/zonaroja.com.mx\/index.php?rest_route=%2Fwp%2Fv2%2Fcomments&post=20193"}],"version-history":[{"count":1,"href":"https:\/\/zonaroja.com.mx\/index.php?rest_route=\/wp\/v2\/posts\/20193\/revisions"}],"predecessor-version":[{"id":20195,"href":"https:\/\/zonaroja.com.mx\/index.php?rest_route=\/wp\/v2\/posts\/20193\/revisions\/20195"}],"wp:featuredmedia":[{"embeddable":true,"href":"https:\/\/zonaroja.com.mx\/index.php?rest_route=\/wp\/v2\/media\/20194"}],"wp:attachment":[{"href":"https:\/\/zonaroja.com.mx\/index.php?rest_route=%2Fwp%2Fv2%2Fmedia&parent=20193"}],"wp:term":[{"taxonomy":"category","embeddable":true,"href":"https:\/\/zonaroja.com.mx\/index.php?rest_route=%2Fwp%2Fv2%2Fcategories&post=20193"},{"taxonomy":"post_tag","embeddable":true,"href":"https:\/\/zonaroja.com.mx\/index.php?rest_route=%2Fwp%2Fv2%2Ftags&post=20193"}],"curies":[{"name":"wp","href":"https:\/\/api.w.org\/{rel}","templated":true}]}}