{"id":20206,"date":"2020-11-18T10:00:26","date_gmt":"2020-11-18T16:00:26","guid":{"rendered":"http:\/\/www.zonaroja.com.mx\/?p=20206"},"modified":"2020-11-18T10:00:33","modified_gmt":"2020-11-18T16:00:33","slug":"hasta-barcelona-espana-llega-la-exigencia-de-justiciaparasol","status":"publish","type":"post","link":"https:\/\/zonaroja.com.mx\/?p=20206","title":{"rendered":"Hasta Barcelona, Espa\u00f1a, llega la exigencia de #JusticiaParaSol"},"content":{"rendered":"\n<p>Evlin Arag\u00f3n\/Zona Roja.<\/p>\n\n\n\n<p>Oaxaca de Ju\u00e1rez, Oax., 18 de noviembre de 2020.- \u201c\u00a1Ni una m\u00e1s, ni una m\u00e1s! \u00a1Ni una asesinada m\u00e1s!\u201d, se escuch\u00f3 este lunes en reiteradas ocasiones a las afueras del Consulado Mexicano en Barcelona, Espa\u00f1a.<\/p>\n\n\n\n<p>Lo anterior, como parte de un mitin que realizaron integrantes de la colectiva Furia Mexicana, quienes portaban un par de lonas con las leyendas \u201cM\u00e9xico Feminicida\u201d y \u201cComo chingados no quemarlo todo si nos est\u00e1n matando\u201d, mismas que colocaron en las rejas de la instancia diplom\u00e1tica.&nbsp;<\/p>\n\n\n\n<p>As\u00ed se puede observar en el video que compartieron a trav\u00e9s de las redes sociales, en donde qued\u00f3 registrada la protesta por los cada vez m\u00e1s constantes asesinatos violentos en contra de las mujeres, pero de forma particular para exigir justicia por Mar\u00eda del Sol Cruz Jarqu\u00edn, fotorreportera asesinada hace ya 30 meses.<\/p>\n\n\n\n<p>Fue en el marco del 25 de noviembre, D\u00eda Internacional de la Eliminaci\u00f3n de la Violencia contra la Mujer, que la foto de la joven, hija de la periodista Soledad Cruz Jarqu\u00edn, junto con el #JusticiaParaSol fue colocada en las rejas del edificio junto con las mantas realizadas para la protesta.\u00a0<\/p>\n\n\n\n<figure class=\"wp-block-embed-twitter wp-block-embed is-type-rich is-provider-twitter\"><div class=\"wp-block-embed__wrapper\">\n<div class=\"twitter-tweet\"><blockquote class=\"twitter-tweet\" data-lang=\"es\"><p lang=\"es\" dir=\"ltr\"><a href=\"https:\/\/twitter.com\/hashtag\/FeminicidioEmergenciaNacional?src=hash&amp;ref_src=twsrc%5Etfw\">#FeminicidioEmergenciaNacional<\/a> <br>\u201c\u00a1Ni una m\u00e1s, ni una m\u00e1s! \u00a1Ni una asesinada m\u00e1s!\u201d. El grito de alto a los feminicidios en <a href=\"https:\/\/twitter.com\/hashtag\/M%C3%A9xico?src=hash&amp;ref_src=twsrc%5Etfw\">#M\u00e9xico<\/a>, lleg\u00f3 la noche del lunes en <a href=\"https:\/\/twitter.com\/hashtag\/Barcelona?src=hash&amp;ref_src=twsrc%5Etfw\">#Barcelona<\/a>, Espa\u00f1a. <br>Entre las exigencias, estuvo el de <a href=\"https:\/\/twitter.com\/hashtag\/JusticiaParaSol?src=hash&amp;ref_src=twsrc%5Etfw\">#JusticiaParaSol<\/a>, hija de la periodista oaxaque\u00f1a <a href=\"https:\/\/twitter.com\/jarquinedgar?ref_src=twsrc%5Etfw\">@jarquinedgar<\/a>. <a href=\"https:\/\/t.co\/eZAjlvth8A\">pic.twitter.com\/eZAjlvth8A<\/a><\/p>&mdash; Zona Roja Oaxaca (@MexRoja) <a href=\"https:\/\/twitter.com\/MexRoja\/status\/1328913369001287681?ref_src=twsrc%5Etfw\">18 de noviembre de 2020<\/a><\/blockquote><\/div>\n<\/div><\/figure>\n\n\n\n<p>Las mujeres de origen mexicano, chileno y colombiano se unieron tambi\u00e9n para manifestar su repudio por las acciones que ha tomado la polic\u00eda de Canc\u00fan, Quintana Roo, ejerciendo violencia sexual y con armar en contra de colectivas feministas que protestaban por el feminicidio de una joven.&nbsp;<\/p>\n\n\n\n<p>Por algunos minutos el contingente tom\u00f3 la calle de Benanova, frente al n\u00famero 55, donde se ubica el Consulado Mexicano, a la par que colocaron carteles y velas como ofrenda a las asesinadas por la violencia feminicida en M\u00e9xico, de forma particular por la joven fot\u00f3grafa.<\/p>\n\n\n\n<p>Mar\u00eda del Sol fue asesinada el 2 de junio del 2018, luego de ser obligada a cubrir la campa\u00f1a del entonces candidato a la presidencia municipal de Juchit\u00e1n de Zaragoza, Hageo Montero L\u00f3pez, hoy regidor en el Cabildo de esa poblaci\u00f3n istme\u00f1a.&nbsp;<\/p>\n\n\n\n<p>Fue su jefe, hermano del candidato y titular de la Secretar\u00eda de Asuntos Ind\u00edgenas, Francisco Montero L\u00f3pez quien orden\u00f3 el traslado de la joven a finales de abril de 2018, quien acept\u00f3 por temor a perder su empleo si se negaba.<\/p>\n\n\n\n<p>A 30 meses de los hechos, las autoridades estatales no han hecho justicia y por el contrario contribuyen al clima de impunidad que denuncian las organizaciones feministas y de mujeres.&nbsp;<\/p>\n","protected":false},"excerpt":{"rendered":"<p>Evlin Arag\u00f3n\/Zona Roja. Oaxaca de Ju\u00e1rez, Oax., 18 de noviembre de 2020.- \u201c\u00a1Ni una m\u00e1s,&hellip;<\/p>\n","protected":false},"author":2,"featured_media":7446,"comment_status":"closed","ping_status":"open","sticky":false,"template":"","format":"standard","meta":{"_lmt_disableupdate":"","_lmt_disable":"","_jetpack_memberships_contains_paid_content":false,"footnotes":""},"categories":[109,47],"tags":[1059],"class_list":["post-20206","post","type-post","status-publish","format-standard","has-post-thumbnail","hentry","category-minuto-a-minuto","category-zona-gris","tag-maria-del-sol-cruz-jarquin"],"jetpack_featured_media_url":"https:\/\/zonaroja.com.mx\/wp-content\/uploads\/2020\/01\/Mar\u00eda-del-Sol-Cruz-Jarqu\u00edn.jpg","jetpack_sharing_enabled":true,"_links":{"self":[{"href":"https:\/\/zonaroja.com.mx\/index.php?rest_route=\/wp\/v2\/posts\/20206","targetHints":{"allow":["GET"]}}],"collection":[{"href":"https:\/\/zonaroja.com.mx\/index.php?rest_route=\/wp\/v2\/posts"}],"about":[{"href":"https:\/\/zonaroja.com.mx\/index.php?rest_route=\/wp\/v2\/types\/post"}],"author":[{"embeddable":true,"href":"https:\/\/zonaroja.com.mx\/index.php?rest_route=\/wp\/v2\/users\/2"}],"replies":[{"embeddable":true,"href":"https:\/\/zonaroja.com.mx\/index.php?rest_route=%2Fwp%2Fv2%2Fcomments&post=20206"}],"version-history":[{"count":1,"href":"https:\/\/zonaroja.com.mx\/index.php?rest_route=\/wp\/v2\/posts\/20206\/revisions"}],"predecessor-version":[{"id":20207,"href":"https:\/\/zonaroja.com.mx\/index.php?rest_route=\/wp\/v2\/posts\/20206\/revisions\/20207"}],"wp:featuredmedia":[{"embeddable":true,"href":"https:\/\/zonaroja.com.mx\/index.php?rest_route=\/wp\/v2\/media\/7446"}],"wp:attachment":[{"href":"https:\/\/zonaroja.com.mx\/index.php?rest_route=%2Fwp%2Fv2%2Fmedia&parent=20206"}],"wp:term":[{"taxonomy":"category","embeddable":true,"href":"https:\/\/zonaroja.com.mx\/index.php?rest_route=%2Fwp%2Fv2%2Fcategories&post=20206"},{"taxonomy":"post_tag","embeddable":true,"href":"https:\/\/zonaroja.com.mx\/index.php?rest_route=%2Fwp%2Fv2%2Ftags&post=20206"}],"curies":[{"name":"wp","href":"https:\/\/api.w.org\/{rel}","templated":true}]}}