{"id":20208,"date":"2020-11-18T10:22:32","date_gmt":"2020-11-18T16:22:32","guid":{"rendered":"http:\/\/www.zonaroja.com.mx\/?p=20208"},"modified":"2020-11-18T10:22:36","modified_gmt":"2020-11-18T16:22:36","slug":"a-un-ano-del-comienzo-de-la-pandemia-hay-55-millones-de-contagios-en-el-mundo","status":"publish","type":"post","link":"https:\/\/zonaroja.com.mx\/?p=20208","title":{"rendered":"A un a\u00f1o del comienzo de la pandemia, hay 55 millones de contagios en el mundo"},"content":{"rendered":"\n<p>Redacci\u00f3n\/Zona Roja Cdmx.<\/p>\n\n\n\n<p>Ciudad de M\u00e9xico, 18 de noviembre de 2020.- A un a\u00f1o de que se detect\u00f3 el primer caso de Covid-19 en China, el mundo super\u00f3 ayer los 55 millones de casos confirmados de la enfermedad, tras aumentar en un mill\u00f3n el balance en tan solo dos d\u00edas, de acuerdo con un recuento de la Universidad Johns Hopkins, mientras que las muertes ya suman un mill\u00f3n 333 mil 479.<\/p>\n\n\n\n<p>Las autoridades chinas identificaron el primer caso del nuevo coronavirus el 17 de noviembre de 2019 en una persona de 55 a\u00f1os en la provincia de Hubei, semanas antes de que las autoridades anunciaran la aparici\u00f3n del virus, de acuerdo con un reporte que obtuvo \u201cThe South China Morning Post\u201d.<\/p>\n\n\n\n<p>Cuatro hombres y cinco mujeres fueron los primeros nueve casos notificados en noviembre del a\u00f1o pasado en Wuhan, pero el informe destac\u00f3 que \u201cninguno ha sido confirmado como \u2018paciente cero\u2019\u201d.<\/p>\n\n\n\n<p>M\u00e1s de 15 millones de casos y 342 mil decesos fueron registrados en Europa desde que el Covid-19 lleg\u00f3 al continente, a principios de 2020, seg\u00fan un recuento realizado por la agencia Afp.<\/p>\n\n\n\n<p>En n\u00famero de infecciones, Europa sigue siendo la zona del mundo m\u00e1s castigada, por delante de Am\u00e9rica Latina y el Caribe (12.1 millones de casos y 425 mil muertos) y Asia (11.5 millones de infecciones y 183 mil fallecidos).<\/p>\n\n\n\n<p>Francia se convirti\u00f3 en el primer pa\u00eds europeo en superar los 2 millones de infectados a pesar de un confinamiento nacional impuesto desde el 30 de octubre, que ayud\u00f3 a una fuerte disminuci\u00f3n de nuevos casos.<\/p>\n\n\n\n<p>El primer ministro brit\u00e1nico, Boris Johnson, dio negativo a Covid-19, pero se someter\u00e1 a 14 d\u00edas de cuarentena porque estuvo en contacto con una persona infectada. Mientras Italia y Rusia registraron su peor balance de muertes por el virus.<\/p>\n\n\n\n<p>Una mayor\u00eda del Parlamento dan\u00e9s respald\u00f3 la decisi\u00f3n de sacrificar 15 millones de visones de criadero del pa\u00eds debido al temor causado por una versi\u00f3n mutante del coronavirus que se ha contagiado entre los animales, inform\u00f3 el gobierno.<\/p>\n\n\n\n<p>Austria inici\u00f3 un segundo confinamiento, con cierre de escuelas y comercios no esenciales y un llamado a permanecer en casa hasta el 6 de diciembre, dos semanas despu\u00e9s de un confinamiento parcial que no dio resultados.<\/p>\n\n\n\n<p>CRECE TEMOR EN EUROPA<\/p>\n\n\n\n<p>Alemania, ante el temor de desbordes de contagios, prohibi\u00f3 a los activistas antimascarillas concentrarse este mi\u00e9rcoles cerca de la sede del Parlamento en Berl\u00edn, donde se votar\u00e1n nuevas medidas para intentar controlar la pandemia.<\/p>\n\n\n\n<p>El presidente ruso, Vladimir Putin, pidi\u00f3 al grupo de pa\u00edses BRICS (Brasil, Rusia, India, China, Sud\u00e1frica) unirse para producir en masa las vacunas de dise\u00f1o ruso, sin detallar los t\u00e9rminos comerciales de la propuesta.<\/p>\n\n\n\n<p>Dos menores de 14 y 16 a\u00f1os murieron a manos de un soldado en un operativo para controlar el cumplimiento de las restricciones por la pandemia en el sur de Colombia, inform\u00f3 el Ministerio de Defensa.<\/p>\n\n\n\n<p>El presidente turco, Recep Tayyip Erdogan, anunci\u00f3 la imposici\u00f3n de un toque de queda parcial los fines de semana y el cierre de caf\u00e9s y restaurantes en todo el pa\u00eds.<\/p>\n\n\n\n<p>Por su parte, Corea del Sur anunci\u00f3 que endurecer\u00e1 sus normas de distanciamiento social en el \u00e1rea metropolitana de la capital, Se\u00fal, y en algunas partes de la provincia de Gangwon, en el este del pa\u00eds, para tratar de frenar la reaparici\u00f3n del coronavirus en esas regiones.<\/p>\n\n\n\n<p>La farmac\u00e9utica Moderna asegur\u00f3 a los europeos que la prolongaci\u00f3n de las negociaciones para la compra de su vacuna puede retrasar las entregas, dado que dar\u00e1n prioridad a pa\u00edses que ya compraron como Estados Unidos, para el que ya tienen millones de dosis almacenadas.<\/p>\n\n\n\n<p>(Informaci\u00f3n de \u201cLa Jornada\u201d y agencias internacionales)<\/p>\n","protected":false},"excerpt":{"rendered":"<p>Redacci\u00f3n\/Zona Roja Cdmx. Ciudad de M\u00e9xico, 18 de noviembre de 2020.- A un a\u00f1o de&hellip;<\/p>\n","protected":false},"author":2,"featured_media":13382,"comment_status":"closed","ping_status":"open","sticky":false,"template":"","format":"standard","meta":{"_lmt_disableupdate":"","_lmt_disable":"","_jetpack_memberships_contains_paid_content":false,"footnotes":""},"categories":[109,47],"tags":[1510],"class_list":["post-20208","post","type-post","status-publish","format-standard","has-post-thumbnail","hentry","category-minuto-a-minuto","category-zona-gris","tag-coronavirus-pandemia-global"],"jetpack_featured_media_url":"https:\/\/zonaroja.com.mx\/wp-content\/uploads\/2020\/06\/Coronavirus-2.jpg","jetpack_sharing_enabled":true,"_links":{"self":[{"href":"https:\/\/zonaroja.com.mx\/index.php?rest_route=\/wp\/v2\/posts\/20208","targetHints":{"allow":["GET"]}}],"collection":[{"href":"https:\/\/zonaroja.com.mx\/index.php?rest_route=\/wp\/v2\/posts"}],"about":[{"href":"https:\/\/zonaroja.com.mx\/index.php?rest_route=\/wp\/v2\/types\/post"}],"author":[{"embeddable":true,"href":"https:\/\/zonaroja.com.mx\/index.php?rest_route=\/wp\/v2\/users\/2"}],"replies":[{"embeddable":true,"href":"https:\/\/zonaroja.com.mx\/index.php?rest_route=%2Fwp%2Fv2%2Fcomments&post=20208"}],"version-history":[{"count":1,"href":"https:\/\/zonaroja.com.mx\/index.php?rest_route=\/wp\/v2\/posts\/20208\/revisions"}],"predecessor-version":[{"id":20209,"href":"https:\/\/zonaroja.com.mx\/index.php?rest_route=\/wp\/v2\/posts\/20208\/revisions\/20209"}],"wp:featuredmedia":[{"embeddable":true,"href":"https:\/\/zonaroja.com.mx\/index.php?rest_route=\/wp\/v2\/media\/13382"}],"wp:attachment":[{"href":"https:\/\/zonaroja.com.mx\/index.php?rest_route=%2Fwp%2Fv2%2Fmedia&parent=20208"}],"wp:term":[{"taxonomy":"category","embeddable":true,"href":"https:\/\/zonaroja.com.mx\/index.php?rest_route=%2Fwp%2Fv2%2Fcategories&post=20208"},{"taxonomy":"post_tag","embeddable":true,"href":"https:\/\/zonaroja.com.mx\/index.php?rest_route=%2Fwp%2Fv2%2Ftags&post=20208"}],"curies":[{"name":"wp","href":"https:\/\/api.w.org\/{rel}","templated":true}]}}