{"id":20223,"date":"2020-11-18T18:32:51","date_gmt":"2020-11-19T00:32:51","guid":{"rendered":"http:\/\/www.zonaroja.com.mx\/?p=20223"},"modified":"2020-11-18T18:32:55","modified_gmt":"2020-11-19T00:32:55","slug":"urge-legislativo-a-gobernador-a-resolver-conflicto-en-servicios-de-salud","status":"publish","type":"post","link":"https:\/\/zonaroja.com.mx\/?p=20223","title":{"rendered":"Urge Legislativo a gobernador a resolver conflicto en Servicios de Salud"},"content":{"rendered":"\n<p>Redacci\u00f3n\/Zona Roja.<\/p>\n\n\n\n<p>Oaxaca de Ju\u00e1rez, Oax., 18 de noviembre de 2020.- El diputado Horacio Sosa Villavicencio, present\u00f3 una proposici\u00f3n con Punto de Acuerdo, mediante la cual se realiza un exhorto al gobernador Alejandro Murat Hinojosa, para que a la brevedad atienda diversas demandas en materia de salud.<\/p>\n\n\n\n<p>En primera instancia el llamado del Poder Legislativo es para establecer y encabezar de manera urgente una mesa de trabajo para atender las demandas de los trabajadores del programa de Vectores de los Servicios de Salud de Oaxaca.<\/p>\n\n\n\n<p>Tambi\u00e9n solicita al Ejecutivo estatal a ordenar el pago inmediato de los adeudos que la dependencia tenga con su personal, por los conceptos que fuese.<\/p>\n\n\n\n<p>El punto de acuerdo tambi\u00e9n llama a instruir lo necesario para que la Secretar\u00eda de la Contralor\u00eda audite de manera estricta y exhaustiva la administraci\u00f3n de los Servicios de Salud de Oaxaca.<\/p>\n\n\n\n<p>En este sentido, el diputado Sosa Villavicencio record\u00f3 que hist\u00f3ricamente, la Secretar\u00eda de Salud del estado ha funcionado como \u201ccaja chica\u201d para la operaci\u00f3n electoral de los sucesivos gobiernos, pues es ah\u00ed donde son contratados los miles de operadores electorales y de donde tradicionalmente se exprimen recursos para la compra del voto.<\/p>\n\n\n\n<p>Demand\u00f3 se tomen cartas en el asunto de manera urgente, para evitar que se siga lucrando electoralmente con los recursos del pueblo, cuyo uso adecuado puede significar la diferencia entre la vida y la muerte de las personas.<\/p>\n\n\n\n<figure class=\"wp-block-embed-twitter wp-block-embed is-type-rich is-provider-twitter\"><div class=\"wp-block-embed__wrapper\">\n<div class=\"twitter-tweet\"><blockquote class=\"twitter-tweet\" data-lang=\"es\"><p lang=\"es\" dir=\"ltr\">En la sesi\u00f3n de este mi\u00e9rcoles, el diputado por Morena, <a href=\"https:\/\/twitter.com\/HoracioSosaOax?ref_src=twsrc%5Etfw\">@HoracioSosaOax<\/a>, demand\u00f3 al gobernador <a href=\"https:\/\/twitter.com\/alejandromurat?ref_src=twsrc%5Etfw\">@alejandromurat<\/a> atienda a la brevedad las demandas de trabajadores de Vectores de los <a href=\"https:\/\/twitter.com\/SSO_GobOax?ref_src=twsrc%5Etfw\">@SSO_GobOax<\/a>; su exhorto fue avalado por el pleno del <a href=\"https:\/\/twitter.com\/CongresoOaxLXIV?ref_src=twsrc%5Etfw\">@CongresoOaxLXIV<\/a>. <a href=\"https:\/\/t.co\/pxXjQLA5iI\">pic.twitter.com\/pxXjQLA5iI<\/a><\/p>&mdash; Zona Roja Oaxaca (@MexRoja) <a href=\"https:\/\/twitter.com\/MexRoja\/status\/1329192507041832963?ref_src=twsrc%5Etfw\">18 de noviembre de 2020<\/a><\/blockquote><\/div>\n<\/div><\/figure>\n\n\n\n<p>El documento jur\u00eddico detalla que desde la semana pasada, y a\u00fan en los primeros d\u00edas de la presente, trabajadoras y trabajadores de distintas \u00e1reas del sector salud han realizado una serie de protestas en diversas oficinas p\u00fablicas, con diversas demandas relacionadas con el uso de los recursos en los Servicios de Salud en el Estado de Oaxaca.&nbsp;<\/p>\n\n\n\n<p>El legislador expone en la petici\u00f3n legislativa que entre las denuncias de los trabajadores destaca el que no se les han entregado los veh\u00edculos destinados para sus labores, pese a que en 2019 el gobierno federal entreg\u00f3 un lote de 100 unidades, de las cuales \u00fanicamente fueron distribuidas 50 en las seis jurisdicciones sanitarias del estado.<\/p>\n\n\n\n<p>El pliego petitorio consta de 20 puntos, de los cuales el central es la destituci\u00f3n de los funcionarios, junto con la jefa de la Jurisdicci\u00f3n Sanitaria de la Costa.&nbsp; El motivo central es el acoso laboral en las seis jurisdicciones sanitarias de la entidad, as\u00ed como el mal manejo de los recursos econ\u00f3micos.&nbsp;<\/p>\n\n\n\n<p>A las inconformidades se suman las peticiones por parte de trabajadores del Hospital General \u201cDr. Aurelio Valdivieso\u201d, quienes se manifestaron en exigencia del pago inmediato de est\u00edmulos por a\u00f1os de servicio y de la primera mitad del aguinaldo, entre otras prestaciones a las que tendr\u00edan derecho y que no se les han cubierto, mientras que los Servicios de Salud del estado de Oaxaca tienen un subejercicio superior a los dos mil 500 millones de pesos del ejercicio fiscal 2020.<\/p>\n\n\n\n<p>De la misma forma, trabajadores de la Jurisdicci\u00f3n Sanitaria 1 de Valles Centrales realizaron un paro de \u201cbrazos ca\u00eddos\u201d para demandar pedir el pago de vi\u00e1ticos y la primera mitad del aguinaldo.<\/p>\n","protected":false},"excerpt":{"rendered":"<p>Redacci\u00f3n\/Zona Roja. Oaxaca de Ju\u00e1rez, Oax., 18 de noviembre de 2020.- El diputado Horacio Sosa&hellip;<\/p>\n","protected":false},"author":2,"featured_media":20224,"comment_status":"closed","ping_status":"open","sticky":false,"template":"","format":"standard","meta":{"_lmt_disableupdate":"","_lmt_disable":"","_jetpack_memberships_contains_paid_content":false,"footnotes":""},"categories":[109,46],"tags":[444],"class_list":["post-20223","post","type-post","status-publish","format-standard","has-post-thumbnail","hentry","category-minuto-a-minuto","category-zona-blanca","tag-horacio-sosa-villavicencio"],"jetpack_featured_media_url":"https:\/\/zonaroja.com.mx\/wp-content\/uploads\/2020\/11\/Diputado-Horacio-Sosa-Villavicencio.jpg","jetpack_sharing_enabled":true,"_links":{"self":[{"href":"https:\/\/zonaroja.com.mx\/index.php?rest_route=\/wp\/v2\/posts\/20223","targetHints":{"allow":["GET"]}}],"collection":[{"href":"https:\/\/zonaroja.com.mx\/index.php?rest_route=\/wp\/v2\/posts"}],"about":[{"href":"https:\/\/zonaroja.com.mx\/index.php?rest_route=\/wp\/v2\/types\/post"}],"author":[{"embeddable":true,"href":"https:\/\/zonaroja.com.mx\/index.php?rest_route=\/wp\/v2\/users\/2"}],"replies":[{"embeddable":true,"href":"https:\/\/zonaroja.com.mx\/index.php?rest_route=%2Fwp%2Fv2%2Fcomments&post=20223"}],"version-history":[{"count":1,"href":"https:\/\/zonaroja.com.mx\/index.php?rest_route=\/wp\/v2\/posts\/20223\/revisions"}],"predecessor-version":[{"id":20225,"href":"https:\/\/zonaroja.com.mx\/index.php?rest_route=\/wp\/v2\/posts\/20223\/revisions\/20225"}],"wp:featuredmedia":[{"embeddable":true,"href":"https:\/\/zonaroja.com.mx\/index.php?rest_route=\/wp\/v2\/media\/20224"}],"wp:attachment":[{"href":"https:\/\/zonaroja.com.mx\/index.php?rest_route=%2Fwp%2Fv2%2Fmedia&parent=20223"}],"wp:term":[{"taxonomy":"category","embeddable":true,"href":"https:\/\/zonaroja.com.mx\/index.php?rest_route=%2Fwp%2Fv2%2Fcategories&post=20223"},{"taxonomy":"post_tag","embeddable":true,"href":"https:\/\/zonaroja.com.mx\/index.php?rest_route=%2Fwp%2Fv2%2Ftags&post=20223"}],"curies":[{"name":"wp","href":"https:\/\/api.w.org\/{rel}","templated":true}]}}