{"id":20226,"date":"2020-11-18T18:50:31","date_gmt":"2020-11-19T00:50:31","guid":{"rendered":"http:\/\/www.zonaroja.com.mx\/?p=20226"},"modified":"2020-11-18T18:50:36","modified_gmt":"2020-11-19T00:50:36","slug":"despiden-a-docente-de-unistmo-denuncia-venganza-de-autoridades-academicas","status":"publish","type":"post","link":"https:\/\/zonaroja.com.mx\/?p=20226","title":{"rendered":"Despiden a docente de Unistmo; denuncia venganza de autoridades acad\u00e9micas"},"content":{"rendered":"\n<p>Evlin Arag\u00f3n\/Zona Roja.<\/p>\n\n\n\n<p>Oaxaca de Ju\u00e1rez, Oax., 18 de noviembre de 2020.- Virginia Ilescas Vela es una de las dos docentes que han respaldado las denuncias de acoso y hostigamiento sexual al interior de la Universidad del Istmo (Unistmo) en contra de las alumnas, lo cual le ha ocasionado una campa\u00f1a hostigamiento laboral y procedimientos administrativos ilegales, que la tarde de ayer culmin\u00f3 en su despido.&nbsp;<\/p>\n\n\n\n<p>Dicho acto fue calificado por la docente como venganza y como el \u00faltimo eslab\u00f3n en el largo historial de acoso laboral del que ha sido objeto los \u00faltimos meses en el campus Ciudad Ixtepec, Oaxaca, el cual no ha mermado ni con la pandemia y del que responsabiliza a los agresores sexuales y a la autoridad universitaria que les protege.\u00a0<\/p>\n\n\n\n<p>\u201cLos agresores sexuales son protegidos por las autoridades y contin\u00faan dando clases, mientras que la acusaci\u00f3n contra m\u00ed es por deshonesta debido a que encontraron en mis redes fotos donde doy conferencias &#8211;fuera de mi horario de trabajo&#8211; en otras instituciones. Dicen que viol\u00e9 la exclusividad, pero no soy artista de Televisa\u201d, refiri\u00f3 Virginia Ilescas.<\/p>\n\n\n\n<p>La fecha de su despido coincide con la reuni\u00f3n que sostuvieron &#8211;docentes y alumnas&#8211; con el defensor de los Derechos Humanos, Bernardo Rodr\u00edguez Alamilla, con quien dialogaron sobre los hechos de violencia que se han registrado al interior de la instancia educativa.&nbsp;<\/p>\n\n\n\n<p>Ese mismo viernes 13 de noviembre, la docente solicit\u00f3 medidas cautelares ante la Defensor\u00eda de los Derechos Humanos del Pueblo de Oaxaca (DDHPO), debido a las constantes muestras de acoso, por parte de las autoridades acad\u00e9micas, que incluso le han hecho temer por su integridad f\u00edsica, psicol\u00f3gica, emocional y laboral.&nbsp;<\/p>\n\n\n\n<p>La f\u00e9rrea defensa de los agresores sexuales al interior de instituci\u00f3n con sede en Ciudad Ixtepec, se ha dado con la anuencia del rector Modesto Seara V\u00e1zquez, que, de acuerdo con la denunciante en ning\u00fan momento se ha pronunciado por la violencia hacia las alumnas y por el contrario ha tratado de ocultarla y distorsionar los hechos, conformando una Comisi\u00f3n Investigadora que \u00fanicamente revictimiz\u00f3 a las j\u00f3venes sin darles el derecho a recibir acompa\u00f1amiento y asistencia.&nbsp;&nbsp;<\/p>\n\n\n\n<p>Hace poco m\u00e1s de un mes, mediante una carta p\u00fablica dirigida al Presidente de la Rep\u00fablica, Andr\u00e9s Manuel L\u00f3pez Obrador; la secretar\u00eda de Gobernaci\u00f3n, Olga S\u00e1nchez Cordero; y dem\u00e1s autoridades federales, cientos de personas, as\u00ed como colectivas feministas y organizaciones de la sociedad civil, manifestaron su preocupaci\u00f3n y rechazo a la violencia de g\u00e9nero que se vive al interior de la instituci\u00f3n en contra de las alumnas y docentes.&nbsp;<\/p>\n\n\n\n<p>Y es que pese a la omisi\u00f3n y complicidad de los mandos universitarios, las autoridades de procuraci\u00f3n de justicia encontraron elementos suficientes para vincular a uno de los cuatro docentes se\u00f1alados como agresores por el delito de hostigamiento sexual, lo cual no ha sido suficiente para que el imputado sea separado del cargo mientras se resuelve su situaci\u00f3n legal, contradictoriamente a la docente que acompa\u00f1a a las v\u00edctimas, que finalmente fue despedida.&nbsp;<\/p>\n\n\n\n<p>Fue el Consejo Acad\u00e9mico de la Universidad del Istmo que dio por terminada su relaci\u00f3n de trabajo con la maestra Virginia Ilescas Vela, a quien acusan de no contar con un actuar honesto y falto de probidad, asegurando que ha violado las obligaciones contenidas en el contrato individual.&nbsp;<\/p>\n\n\n\n<p>Lo anterior lo hicieron de conocimiento mediante un correo electr\u00f3nico, y no por un actuario de la Junta de Conciliaci\u00f3n y Arbitraje como marca la normatividad, que enviaron a la docente con fecha 17 de noviembre, y en donde le refieren que el despido se dio con fecha 13 del mismo mes, por lo que le solicitaron retirar sus pertenencias personales del \u00e1rea de trabajo que ten\u00eda designada y\/o que se encuentren al interior de la Universidad.<\/p>\n\n\n\n<p>Mientras que ella eval\u00faa el proceder ya que refiere, una vez m\u00e1s, se violaron sus derechos labores y se antepuso la venganza en un tema que lejos de atender quieren seguir minimizando en perjuicio de la comunidad universitaria, particular las j\u00f3venes estudiantes.&nbsp;<\/p>\n","protected":false},"excerpt":{"rendered":"<p>Evlin Arag\u00f3n\/Zona Roja. Oaxaca de Ju\u00e1rez, Oax., 18 de noviembre de 2020.- Virginia Ilescas Vela&hellip;<\/p>\n","protected":false},"author":2,"featured_media":9869,"comment_status":"closed","ping_status":"open","sticky":false,"template":"","format":"standard","meta":{"_lmt_disableupdate":"","_lmt_disable":"","_jetpack_memberships_contains_paid_content":false,"footnotes":""},"categories":[109,47],"tags":[1509],"class_list":["post-20226","post","type-post","status-publish","format-standard","has-post-thumbnail","hentry","category-minuto-a-minuto","category-zona-gris","tag-acoso-universidad-del-istmo-oaxaca"],"jetpack_featured_media_url":"https:\/\/zonaroja.com.mx\/wp-content\/uploads\/2020\/03\/Unistmo-Ixtepec.jpg","jetpack_sharing_enabled":true,"_links":{"self":[{"href":"https:\/\/zonaroja.com.mx\/index.php?rest_route=\/wp\/v2\/posts\/20226","targetHints":{"allow":["GET"]}}],"collection":[{"href":"https:\/\/zonaroja.com.mx\/index.php?rest_route=\/wp\/v2\/posts"}],"about":[{"href":"https:\/\/zonaroja.com.mx\/index.php?rest_route=\/wp\/v2\/types\/post"}],"author":[{"embeddable":true,"href":"https:\/\/zonaroja.com.mx\/index.php?rest_route=\/wp\/v2\/users\/2"}],"replies":[{"embeddable":true,"href":"https:\/\/zonaroja.com.mx\/index.php?rest_route=%2Fwp%2Fv2%2Fcomments&post=20226"}],"version-history":[{"count":1,"href":"https:\/\/zonaroja.com.mx\/index.php?rest_route=\/wp\/v2\/posts\/20226\/revisions"}],"predecessor-version":[{"id":20229,"href":"https:\/\/zonaroja.com.mx\/index.php?rest_route=\/wp\/v2\/posts\/20226\/revisions\/20229"}],"wp:featuredmedia":[{"embeddable":true,"href":"https:\/\/zonaroja.com.mx\/index.php?rest_route=\/wp\/v2\/media\/9869"}],"wp:attachment":[{"href":"https:\/\/zonaroja.com.mx\/index.php?rest_route=%2Fwp%2Fv2%2Fmedia&parent=20226"}],"wp:term":[{"taxonomy":"category","embeddable":true,"href":"https:\/\/zonaroja.com.mx\/index.php?rest_route=%2Fwp%2Fv2%2Fcategories&post=20226"},{"taxonomy":"post_tag","embeddable":true,"href":"https:\/\/zonaroja.com.mx\/index.php?rest_route=%2Fwp%2Fv2%2Ftags&post=20226"}],"curies":[{"name":"wp","href":"https:\/\/api.w.org\/{rel}","templated":true}]}}