{"id":2023,"date":"2019-07-04T17:43:29","date_gmt":"2019-07-04T22:43:29","guid":{"rendered":"http:\/\/www.zonaroja.com.mx\/?p=2023"},"modified":"2019-07-04T17:43:31","modified_gmt":"2019-07-04T22:43:31","slug":"alertan-mujeres-mayor-vulnerabilidad-a-derechos-con-llegada-de-guardia-nacional","status":"publish","type":"post","link":"https:\/\/zonaroja.com.mx\/?p=2023","title":{"rendered":"Alertan mujeres mayor vulnerabilidad a derechos con llegada de Guardia Nacional"},"content":{"rendered":"\n<p>Evlin Arag\u00f3n<\/p>\n\n\n\n<p>Oaxaca de\nJu\u00e1rez, Oax., 4 de julio de 2019.- El colectivo Feministas Oaxaca critic\u00f3 el\narribo de la Guardia Nacional a territorio oaxaque\u00f1o, al asegurar que la\npresencia de la fuerza castrense genera mayor violencia y violaciones a\nderechos humanos de las mujeres. <\/p>\n\n\n\n<p>De acuerdo con\nquienes conforman dicho grupo, la llegada de seis mil 750 elementos de la\nGuardia Nacional, a zonas de alta incidencia delictiva y violencia feminicida,\ncomo son la Cuenca, Istmo y Mixteca, representan un riesgo de acoso,\nviolaciones y desapariciones de mujeres, as\u00ed como aumentar\u00e1n el n\u00famero de\ncantinas y centros nocturnos en donde la trata y explotaci\u00f3n sexual de mujeres\nes una constante. <\/p>\n\n\n\n<p>Si bien\nexplicaron que la problem\u00e1tica anterior no es exclusiva con las fuerzas de\nseguridad, toda vez que se presenta tambi\u00e9n cuando llegan grandes compa\u00f1\u00edas a\nrealizar obras de gran envergadura, la constante es que la violencia contra las\nmujeres incrementa en donde hay grupos de hombres trabajando en cualquier\nsector. <\/p>\n\n\n\n<p>Igual que en\nlas zonas de aparcamiento de tr\u00e1iler donde el \u00edndice de trata de personas es\nmuy alto, siendo las mujeres las que se encuentra en un grado mayor de\nvulnerabilidad.<\/p>\n\n\n\n<p>Apenas este\nlunes 1 de julio comenzaron a llegar algunas partidas de la Guardia Nacional al\nestado de Oaxaca, ello pese a que a\u00fan no cuentan con cuarteles.<\/p>\n\n\n\n<p>La queja a\nnivel nacional ha sido la dotaci\u00f3n de uniformes de talla extragrande as\u00ed como\nveh\u00edculos en mal estado, que \u00fanicamente fueron pintados con los colores de la\nnueva corporaci\u00f3n, sin darles mantenimiento.<\/p>\n\n\n\n<p>A nivel\nestatal, hasta ahora no hay instalaciones adecuadas para 14 de las 15 zonas,\npues s\u00f3lo en el caso de Juchit\u00e1n de Zaragoza se habilit\u00f3 una antigua terminal\nde autobuses como su base.<\/p>\n","protected":false},"excerpt":{"rendered":"<p>Evlin Arag\u00f3n Oaxaca de Ju\u00e1rez, Oax., 4 de julio de 2019.- El colectivo Feministas Oaxaca&hellip;<\/p>\n","protected":false},"author":2,"featured_media":2024,"comment_status":"closed","ping_status":"open","sticky":false,"template":"","format":"standard","meta":{"_lmt_disableupdate":"","_lmt_disable":"","_jetpack_memberships_contains_paid_content":false,"footnotes":""},"categories":[109,47],"tags":[92,278,190],"class_list":["post-2023","post","type-post","status-publish","format-standard","has-post-thumbnail","hentry","category-minuto-a-minuto","category-zona-gris","tag-feministas","tag-guardia-nacional","tag-violencia-de-genero"],"jetpack_featured_media_url":"https:\/\/zonaroja.com.mx\/wp-content\/uploads\/2019\/07\/6408735d-0708-4092-ab64-4eadd95c6d27.jpg","jetpack_sharing_enabled":true,"_links":{"self":[{"href":"https:\/\/zonaroja.com.mx\/index.php?rest_route=\/wp\/v2\/posts\/2023","targetHints":{"allow":["GET"]}}],"collection":[{"href":"https:\/\/zonaroja.com.mx\/index.php?rest_route=\/wp\/v2\/posts"}],"about":[{"href":"https:\/\/zonaroja.com.mx\/index.php?rest_route=\/wp\/v2\/types\/post"}],"author":[{"embeddable":true,"href":"https:\/\/zonaroja.com.mx\/index.php?rest_route=\/wp\/v2\/users\/2"}],"replies":[{"embeddable":true,"href":"https:\/\/zonaroja.com.mx\/index.php?rest_route=%2Fwp%2Fv2%2Fcomments&post=2023"}],"version-history":[{"count":1,"href":"https:\/\/zonaroja.com.mx\/index.php?rest_route=\/wp\/v2\/posts\/2023\/revisions"}],"predecessor-version":[{"id":2025,"href":"https:\/\/zonaroja.com.mx\/index.php?rest_route=\/wp\/v2\/posts\/2023\/revisions\/2025"}],"wp:featuredmedia":[{"embeddable":true,"href":"https:\/\/zonaroja.com.mx\/index.php?rest_route=\/wp\/v2\/media\/2024"}],"wp:attachment":[{"href":"https:\/\/zonaroja.com.mx\/index.php?rest_route=%2Fwp%2Fv2%2Fmedia&parent=2023"}],"wp:term":[{"taxonomy":"category","embeddable":true,"href":"https:\/\/zonaroja.com.mx\/index.php?rest_route=%2Fwp%2Fv2%2Fcategories&post=2023"},{"taxonomy":"post_tag","embeddable":true,"href":"https:\/\/zonaroja.com.mx\/index.php?rest_route=%2Fwp%2Fv2%2Ftags&post=2023"}],"curies":[{"name":"wp","href":"https:\/\/api.w.org\/{rel}","templated":true}]}}