{"id":20233,"date":"2020-11-18T21:05:58","date_gmt":"2020-11-19T03:05:58","guid":{"rendered":"http:\/\/www.zonaroja.com.mx\/?p=20233"},"modified":"2020-11-18T21:06:02","modified_gmt":"2020-11-19T03:06:02","slug":"proponen-que-discriminacion-ejercida-por-funcionarios-sea-considerada-falta-administrativa-grave","status":"publish","type":"post","link":"https:\/\/zonaroja.com.mx\/?p=20233","title":{"rendered":"Proponen que discriminaci\u00f3n ejercida por funcionarios sea considerada falta administrativa grave"},"content":{"rendered":"\n<p>Redacci\u00f3n\/Zona Roja.<\/p>\n\n\n\n<p>Oaxaca de Ju\u00e1rez, Oax., 18 de noviembre del 2020.- Las conductas discriminatorias, podr\u00edan ser consideradas como faltas administrativas graves de las y los servidores p\u00fablicos.<\/p>\n\n\n\n<p>Esto a propuesta de la diputada Elisa Zepeda Lagunas, quien busca la reforma al art\u00edculo 47 de la Ley de Responsabilidades Administrativas del Estado y Municipios de Oaxaca, y al art\u00edculo 87 de la Ley para Atender, Prevenir y Eliminar la Discriminaci\u00f3n en el Estado de Oaxaca.<\/p>\n\n\n\n<p>Con las nuevas disposiciones planteadas por la legisladora del Partido Morena, se contemplar\u00eda nuevas disposiciones para el art\u00edculo 87 de la Ley para atender, Prevenir y Eliminar la Discriminaci\u00f3n en el Estado de Oaxaca, la cual estipular\u00eda que las personas servidoras p\u00fablicas estatales, municipales o entes p\u00fablicos a quienes se les compruebe haber cometido actos, omisiones o pr\u00e1cticas discriminatorias, adem\u00e1s de las medidas administrativas y de reparaci\u00f3n que se les imponga, quedar\u00e1n sujetas a las responsabilidades en que hayan incurrido, en los t\u00e9rminos de la Ley de Responsabilidades Administrativas del Estado y Municipios de Oaxaca.<\/p>\n\n\n\n<p>Zepeda Lagunas refiri\u00f3 que es necesario crear una cultura de cero discriminaci\u00f3n en el poder p\u00fablico, pues \u00e9sta es una de las esferas en donde se debe respetar la Constituci\u00f3n Pol\u00edtica de los Estados Unidos Mexicanos.<\/p>\n\n\n\n<p>En el estado de Oaxaca no hay registro de datos de quejas o resoluciones que sancionen y reparen da\u00f1os por discriminaci\u00f3n, no obstante en la Encuesta Nacional sobre Discriminaci\u00f3n, 2017, en el que se refleja la percepci\u00f3n ciudadana sobre la discriminaci\u00f3n, el estado de Oaxaca rebasa las cifras de la media nacional en relaci\u00f3n a diversos derechos en relaci\u00f3n con la discriminaci\u00f3n, como un ejemplo el 60% de las personas encuestadas hizo referencia de alg\u00fan derecho negado por discriminaci\u00f3n como son: atenci\u00f3n m\u00e9dica, atenci\u00f3n a servicios en oficinas de gobierno, la entrada o permanencia en alg\u00fan negocio.<\/p>\n","protected":false},"excerpt":{"rendered":"<p>Redacci\u00f3n\/Zona Roja. Oaxaca de Ju\u00e1rez, Oax., 18 de noviembre del 2020.- Las conductas discriminatorias, podr\u00edan&hellip;<\/p>\n","protected":false},"author":2,"featured_media":20234,"comment_status":"closed","ping_status":"open","sticky":false,"template":"","format":"standard","meta":{"_lmt_disableupdate":"","_lmt_disable":"","_jetpack_memberships_contains_paid_content":false,"footnotes":""},"categories":[109,46],"tags":[215],"class_list":["post-20233","post","type-post","status-publish","format-standard","has-post-thumbnail","hentry","category-minuto-a-minuto","category-zona-blanca","tag-elisa-zepeda-lagunas"],"jetpack_featured_media_url":"https:\/\/zonaroja.com.mx\/wp-content\/uploads\/2020\/11\/Diputada-Elisa-Zepeda-Lagunas.jpeg","jetpack_sharing_enabled":true,"_links":{"self":[{"href":"https:\/\/zonaroja.com.mx\/index.php?rest_route=\/wp\/v2\/posts\/20233","targetHints":{"allow":["GET"]}}],"collection":[{"href":"https:\/\/zonaroja.com.mx\/index.php?rest_route=\/wp\/v2\/posts"}],"about":[{"href":"https:\/\/zonaroja.com.mx\/index.php?rest_route=\/wp\/v2\/types\/post"}],"author":[{"embeddable":true,"href":"https:\/\/zonaroja.com.mx\/index.php?rest_route=\/wp\/v2\/users\/2"}],"replies":[{"embeddable":true,"href":"https:\/\/zonaroja.com.mx\/index.php?rest_route=%2Fwp%2Fv2%2Fcomments&post=20233"}],"version-history":[{"count":1,"href":"https:\/\/zonaroja.com.mx\/index.php?rest_route=\/wp\/v2\/posts\/20233\/revisions"}],"predecessor-version":[{"id":20235,"href":"https:\/\/zonaroja.com.mx\/index.php?rest_route=\/wp\/v2\/posts\/20233\/revisions\/20235"}],"wp:featuredmedia":[{"embeddable":true,"href":"https:\/\/zonaroja.com.mx\/index.php?rest_route=\/wp\/v2\/media\/20234"}],"wp:attachment":[{"href":"https:\/\/zonaroja.com.mx\/index.php?rest_route=%2Fwp%2Fv2%2Fmedia&parent=20233"}],"wp:term":[{"taxonomy":"category","embeddable":true,"href":"https:\/\/zonaroja.com.mx\/index.php?rest_route=%2Fwp%2Fv2%2Fcategories&post=20233"},{"taxonomy":"post_tag","embeddable":true,"href":"https:\/\/zonaroja.com.mx\/index.php?rest_route=%2Fwp%2Fv2%2Ftags&post=20233"}],"curies":[{"name":"wp","href":"https:\/\/api.w.org\/{rel}","templated":true}]}}