{"id":20236,"date":"2020-11-18T21:55:09","date_gmt":"2020-11-19T03:55:09","guid":{"rendered":"http:\/\/www.zonaroja.com.mx\/?p=20236"},"modified":"2020-11-18T21:55:12","modified_gmt":"2020-11-19T03:55:12","slug":"entrega-horacio-sosa-presidencia-de-jucopo-a-elizabeth-guzman","status":"publish","type":"post","link":"https:\/\/zonaroja.com.mx\/?p=20236","title":{"rendered":"Entrega Horacio Sosa presidencia de Jucopo a Elizabeth Guzm\u00e1n"},"content":{"rendered":"\n<p>Redacci\u00f3n\/Zona Roja.<\/p>\n\n\n\n<p>Oaxaca de Ju\u00e1rez, Oax., 18 de noviembre de 2020.- Tras felicitarla por su nueva encomienda, como coordinadora de la bancada del Partido Morena, y ahora como presidenta de la Junta de Coordinaci\u00f3n Pol\u00edtica del Congreso local, el diputado Horacio Sosa Villavicencio entreg\u00f3 el cargo a la legisladora Delfina Elizabeth Guzm\u00e1n D\u00edaz.<\/p>\n\n\n\n<p>La tarde de este mi\u00e9rcoles, ambos del Partido Morena firmaron los documentos respectivos, con la intervenci\u00f3n del \u00d3rgano de Control Interno del Congreso del Estado de Oaxaca, que verific\u00f3 la transparencia del acto.<\/p>\n\n\n\n<p>En la sesi\u00f3n ordinaria de este mi\u00e9rcoles, la Mesa Directiva tom\u00f3 la protesta a Guzm\u00e1n D\u00edaz como presidenta de la Jucopo, de acuerdo con lo establecido en la Ley Org\u00e1nica del Poder Legislativo del Estado Libre y Soberano de Oaxaca.<\/p>\n\n\n\n<p>Fungir\u00e1 en este cargo durante el tercer a\u00f1o de ejercicio de la 64 Legislatura y tendr\u00e1 la representaci\u00f3n legal del Congreso local, en sustituci\u00f3n del diputado, Horacio Sosa Villavicencio. Adem\u00e1s, tendr\u00e1 a su cargo, las diversas atribuciones que garantizan la organizaci\u00f3n administrativa del Poder Legislativo.<\/p>\n\n\n\n<p>El mi\u00e9rcoles 11 de noviembre, la bancada de Morena acord\u00f3 la designaci\u00f3n de la representante popular por el distrito XXII, con cabecera en Santiago Pinotepa Nacional, como coordinadora del grupo parlamentario.<\/p>\n\n\n\n<figure class=\"wp-block-image size-large\"><img decoding=\"async\" width=\"360\" height=\"258\" src=\"http:\/\/www.zonaroja.com.mx\/wp-content\/uploads\/2020\/11\/Delfina-Elizabeth-Guzman-Diaz.jpg\" alt=\"\" class=\"wp-image-20238\" srcset=\"https:\/\/zonaroja.com.mx\/wp-content\/uploads\/2020\/11\/Delfina-Elizabeth-Guzman-Diaz.jpg 360w, https:\/\/zonaroja.com.mx\/wp-content\/uploads\/2020\/11\/Delfina-Elizabeth-Guzman-Diaz-300x215.jpg 300w\" sizes=\"(max-width: 360px) 100vw, 360px\" \/><\/figure>\n\n\n\n<p>La congresista fue reconocida por sus compa\u00f1eros y compa\u00f1eras como una mujer comprometida y con la capacidad de generar acuerdos que beneficien a los y las oaxaque\u00f1as.<\/p>\n\n\n\n<p>Siendo profesora en el a\u00f1o 2002, Delfina Guzm\u00e1n inici\u00f3 su carrera pol\u00edtica al ser electa como la primera concejal de su municipio natal, Santiago Jamiltepec, Oaxaca.<\/p>\n\n\n\n<p>Posteriormente, en el periodo 2012-2015, fungi\u00f3 como diputada federal por el Distrito XI, en la LXII Legislatura del Congreso de la Uni\u00f3n, entre otros cargos<\/p>\n\n\n\n<p>Por otra parte, Jorge Octavio Villaca\u00f1a Jim\u00e9nez continuar\u00e1 en el cargo por una semana m\u00e1s como presidente de la Mesa Directiva, al no haber acuerdo entre las fracciones parlamentarias para designar sustituto o sustituta.<\/p>\n\n\n\n<p>Son al menos tres nombres los que se han mencionado para este cargo, Aurora L\u00f3pez Acevedo, Victoria Cruz Villar, ambas del Partido Verde, y Arsenio Mej\u00eda, del Partido Encuentro Social; la definici\u00f3n ser\u00e1 el pr\u00f3ximo mi\u00e9rcoles.<\/p>\n","protected":false},"excerpt":{"rendered":"<p>Redacci\u00f3n\/Zona Roja. Oaxaca de Ju\u00e1rez, Oax., 18 de noviembre de 2020.- Tras felicitarla por su&hellip;<\/p>\n","protected":false},"author":2,"featured_media":20237,"comment_status":"closed","ping_status":"open","sticky":false,"template":"","format":"standard","meta":{"_lmt_disableupdate":"","_lmt_disable":"","_jetpack_memberships_contains_paid_content":false,"footnotes":""},"categories":[109,46],"tags":[2212],"class_list":["post-20236","post","type-post","status-publish","format-standard","has-post-thumbnail","hentry","category-minuto-a-minuto","category-zona-blanca","tag-delfina-elizabeth-guzman-diaz"],"jetpack_featured_media_url":"https:\/\/zonaroja.com.mx\/wp-content\/uploads\/2020\/11\/Horacio-Jucopo-2.jpg","jetpack_sharing_enabled":true,"_links":{"self":[{"href":"https:\/\/zonaroja.com.mx\/index.php?rest_route=\/wp\/v2\/posts\/20236","targetHints":{"allow":["GET"]}}],"collection":[{"href":"https:\/\/zonaroja.com.mx\/index.php?rest_route=\/wp\/v2\/posts"}],"about":[{"href":"https:\/\/zonaroja.com.mx\/index.php?rest_route=\/wp\/v2\/types\/post"}],"author":[{"embeddable":true,"href":"https:\/\/zonaroja.com.mx\/index.php?rest_route=\/wp\/v2\/users\/2"}],"replies":[{"embeddable":true,"href":"https:\/\/zonaroja.com.mx\/index.php?rest_route=%2Fwp%2Fv2%2Fcomments&post=20236"}],"version-history":[{"count":1,"href":"https:\/\/zonaroja.com.mx\/index.php?rest_route=\/wp\/v2\/posts\/20236\/revisions"}],"predecessor-version":[{"id":20239,"href":"https:\/\/zonaroja.com.mx\/index.php?rest_route=\/wp\/v2\/posts\/20236\/revisions\/20239"}],"wp:featuredmedia":[{"embeddable":true,"href":"https:\/\/zonaroja.com.mx\/index.php?rest_route=\/wp\/v2\/media\/20237"}],"wp:attachment":[{"href":"https:\/\/zonaroja.com.mx\/index.php?rest_route=%2Fwp%2Fv2%2Fmedia&parent=20236"}],"wp:term":[{"taxonomy":"category","embeddable":true,"href":"https:\/\/zonaroja.com.mx\/index.php?rest_route=%2Fwp%2Fv2%2Fcategories&post=20236"},{"taxonomy":"post_tag","embeddable":true,"href":"https:\/\/zonaroja.com.mx\/index.php?rest_route=%2Fwp%2Fv2%2Ftags&post=20236"}],"curies":[{"name":"wp","href":"https:\/\/api.w.org\/{rel}","templated":true}]}}