{"id":20246,"date":"2020-11-19T07:38:03","date_gmt":"2020-11-19T13:38:03","guid":{"rendered":"http:\/\/www.zonaroja.com.mx\/?p=20246"},"modified":"2020-11-19T08:03:44","modified_gmt":"2020-11-19T14:03:44","slug":"y-el-general-fue-vencio-regreso-a-casa-inocente-y-durmio-con-su-familia","status":"publish","type":"post","link":"https:\/\/zonaroja.com.mx\/?p=20246","title":{"rendered":"Y el general fue, venci\u00f3, regres\u00f3 a casa inocente y durmi\u00f3 con su familia"},"content":{"rendered":"\n<p>Redacci\u00f3n\/Zona Roja Cdmx.<\/p>\n\n\n\n<p>Ciudad de M\u00e9xico, 19 de noviembre de 2020.- Y el general s\u00ed tuvo quien le escribiera. Capturado en los Estados Unidos de Norteam\u00e9rica por acusaciones de narcotr\u00e1fico y lavado de dinero, un mes despu\u00e9s fue salvado por el gobierno de M\u00e9xico.<\/p>\n\n\n\n<p>En menos de 15 minutos, ayer por la tarde, el gobierno norteamericano le retir\u00f3 todos los cargos y lo regres\u00f3 a M\u00e9xico; el ex secretario de la Defensa Nacional, Salvador Cienfuegos, lleg\u00f3 a M\u00e9xico, fue recibido casi con honores y se fue a casa a cenar y dormir con su familia.<\/p>\n\n\n\n<p>Es el resumen de la fallida imputaci\u00f3n de la naci\u00f3n vecina contra un ex secretario de Estado, que lo detuvo el 15 de octubre pasado, lo que ofendi\u00f3 a M\u00e9xico y reclam\u00f3 lo perdonaran.<\/p>\n\n\n\n<p>Ayer, libre, sin cargos de narcotr\u00e1fico, el General Cienfuegos lleg\u00f3 por la tarde al Aeropuerto Internacional de Toluca y durmi\u00f3 en su domicilio particular.<\/p>\n\n\n\n<p>Su arribo fue a las 18:40 horas en el avi\u00f3n privado Gulfstream 4, matr\u00edcula N40VC, procedente del Aeropuerto de Nueva Jersey, Estados Unidos.<\/p>\n\n\n\n<p>Ocho minutos despu\u00e9s, el General de Divisi\u00f3n en retiro descendi\u00f3 de la aeronave, vestido de ropa formal y corbata, y fue conducido a una sala privada en las oficinas del hangar de la Fiscal\u00eda General de la Rep\u00fablica, donde le practicaron un dictamen m\u00e9dico que certific\u00f3 que su estado de salud es favorable.<\/p>\n\n\n\n<p>Posteriormente, le notificaron que existe una investigaci\u00f3n penal en la que se encuentra involucrado basada en la informaci\u00f3n proporcionada por EU.<\/p>\n\n\n\n<p>\u00abEl General Cienfuegos se dio por notificado y proporcion\u00f3 toda su informaci\u00f3n personal y de contacto, incluyendo domicilio y tel\u00e9fono celular, donde puede ser localizado y citado para las diligencias a que haya lugar y ordene el MP, manifestando su total disposici\u00f3n de atender los requerimientos propios de la investigaci\u00f3n.<\/p>\n\n\n\n<p>\u00abA las 19:12 horas, el General Cienfuegos se retir\u00f3 de las oficinas de la FGR en el hangar de Toluca, termin\u00e1ndose as\u00ed las diligencias ministeriales correspondientes\u00bb, inform\u00f3 la Fiscal\u00eda en un comunicado.<\/p>\n\n\n\n<p>El ex titular de la Sedena volvi\u00f3 a su casa, despu\u00e9s de 33 d\u00edas de haber permanecido privado de su libertad en Los \u00c1ngeles, California, y Nueva York, acusado de supuestamente proteger a Juan Francisco Par\u00f3n S\u00e1nchez, ex operador de la organizaci\u00f3n criminal de los Beltr\u00e1n Leyva y l\u00edder del llamado C\u00e1rtel H-2.<\/p>\n\n\n\n<p>Ayer por la ma\u00f1ana, la sala del tribunal en Brooklyn permaneci\u00f3 en silencio cuando Salvador Cienfuegos llegaba escoltado por dos oficiales.<\/p>\n\n\n\n<p>La Jueza Carol B. Amon, abri\u00f3 la sesi\u00f3n aclarando que la orden de desestimaci\u00f3n por narco y corrupci\u00f3n proven\u00eda de los m\u00e1s altos funcionarios federales.<\/p>\n\n\n\n<p>El Fiscal Seth DuCharme reconoci\u00f3 que la orden proced\u00eda directamente del Fiscal General de EU, William Barr, y aunque asegur\u00f3 que el caso era s\u00f3lido, justific\u00f3 que fue una negociaci\u00f3n pol\u00edtica.<\/p>\n\n\n\n<p>As\u00ed, en 13 minutos, Carol B. Amon firm\u00f3 la orden para desestimar los cargos por conspiraci\u00f3n criminal, lavado de dinero y narcotr\u00e1fico.<\/p>\n\n\n\n<p>Cienfuegos dejaba la c\u00e1rcel de NY. Diez horas m\u00e1s tarde abr\u00eda las puertas de su casa en la Ciudad de M\u00e9xico.<\/p>\n\n\n\n<p>(Con informaci\u00f3n de \u201cReforma\u201d)<\/p>\n","protected":false},"excerpt":{"rendered":"<p>Redacci\u00f3n\/Zona Roja Cdmx. Ciudad de M\u00e9xico, 19 de noviembre de 2020.- Y el general s\u00ed&hellip;<\/p>\n","protected":false},"author":2,"featured_media":20247,"comment_status":"closed","ping_status":"open","sticky":false,"template":"","format":"standard","meta":{"_lmt_disableupdate":"","_lmt_disable":"","_jetpack_memberships_contains_paid_content":false,"footnotes":""},"categories":[109,47],"tags":[2108],"class_list":["post-20246","post","type-post","status-publish","format-standard","has-post-thumbnail","hentry","category-minuto-a-minuto","category-zona-gris","tag-salvador-cienfuegos-zepeda"],"jetpack_featured_media_url":"https:\/\/zonaroja.com.mx\/wp-content\/uploads\/2020\/11\/General-Cienfuegos.jpg","jetpack_sharing_enabled":true,"_links":{"self":[{"href":"https:\/\/zonaroja.com.mx\/index.php?rest_route=\/wp\/v2\/posts\/20246","targetHints":{"allow":["GET"]}}],"collection":[{"href":"https:\/\/zonaroja.com.mx\/index.php?rest_route=\/wp\/v2\/posts"}],"about":[{"href":"https:\/\/zonaroja.com.mx\/index.php?rest_route=\/wp\/v2\/types\/post"}],"author":[{"embeddable":true,"href":"https:\/\/zonaroja.com.mx\/index.php?rest_route=\/wp\/v2\/users\/2"}],"replies":[{"embeddable":true,"href":"https:\/\/zonaroja.com.mx\/index.php?rest_route=%2Fwp%2Fv2%2Fcomments&post=20246"}],"version-history":[{"count":2,"href":"https:\/\/zonaroja.com.mx\/index.php?rest_route=\/wp\/v2\/posts\/20246\/revisions"}],"predecessor-version":[{"id":20257,"href":"https:\/\/zonaroja.com.mx\/index.php?rest_route=\/wp\/v2\/posts\/20246\/revisions\/20257"}],"wp:featuredmedia":[{"embeddable":true,"href":"https:\/\/zonaroja.com.mx\/index.php?rest_route=\/wp\/v2\/media\/20247"}],"wp:attachment":[{"href":"https:\/\/zonaroja.com.mx\/index.php?rest_route=%2Fwp%2Fv2%2Fmedia&parent=20246"}],"wp:term":[{"taxonomy":"category","embeddable":true,"href":"https:\/\/zonaroja.com.mx\/index.php?rest_route=%2Fwp%2Fv2%2Fcategories&post=20246"},{"taxonomy":"post_tag","embeddable":true,"href":"https:\/\/zonaroja.com.mx\/index.php?rest_route=%2Fwp%2Fv2%2Ftags&post=20246"}],"curies":[{"name":"wp","href":"https:\/\/api.w.org\/{rel}","templated":true}]}}