{"id":20249,"date":"2020-11-19T07:43:13","date_gmt":"2020-11-19T13:43:13","guid":{"rendered":"http:\/\/www.zonaroja.com.mx\/?p=20249"},"modified":"2020-11-19T07:43:17","modified_gmt":"2020-11-19T13:43:17","slug":"propone-diputada-que-poblacion-vulnerable-no-paguen-pasaje-en-transporte-publico","status":"publish","type":"post","link":"https:\/\/zonaroja.com.mx\/?p=20249","title":{"rendered":"Propone diputada que poblaci\u00f3n vulnerable no paguen pasaje en transporte p\u00fablico"},"content":{"rendered":"\n<p>Redacci\u00f3n\/Zona Roja.<\/p>\n\n\n\n<p>Oaxaca de Ju\u00e1rez, Oax., 19 de noviembre del 2020.- La diputada Magaly L\u00f3pez Dom\u00ednguez present\u00f3 ayer una iniciativa con proyecto de decreto, con la que se busca reformar la Ley de Movilidad para el Estado de Oaxaca, y as\u00ed garantizar que ni\u00f1as, ni\u00f1os, adultos mayores y personas con discapacidad exenten el pago en el transporte urbano, metropolitano, y suburbano de pasajeros en Oaxaca.<\/p>\n\n\n\n<p>La propuesta legislativa establece reformar el Art\u00edculo 87 y adicionar el Art\u00edculo 12, de la ley citada, con el objetivo de que al exhibir las credenciales o documentos expedidos por las dependencias federales o estatales con las que actualmente se otorga un descuento a dicho sector de la poblaci\u00f3n, accedan al servicio de transporte p\u00fablico de forma gratuita.<\/p>\n\n\n\n<p>A\u00f1ade que en caso de no contar con los documentos que los acrediten como personas con discapacidad y adultas mayores,&nbsp; corresponder\u00e1 a la Secretar\u00eda de&nbsp; Movilidad (Semovi) de Oaxaca, la expedici\u00f3n gratuita de las credenciales que las acredite como beneficiarias.<\/p>\n\n\n\n<p>Tambi\u00e9n se busca que las personas concesionarias del transporte urbano, metropolitano, suburbano y for\u00e1neo de pasajeros, adecuen sus unidades con cuando menos cuatro asientos y dem\u00e1s condiciones necesarias para personas con discapacidad, adultas mayores y mujeres embarazadas.<\/p>\n\n\n\n<p>La legisladora indic\u00f3 que la propuesta de reforma a la Ley de Movilidad para el Estado de Oaxaca,&nbsp; se da con el objetivo de aminorar los gastos relacionados con el transporte p\u00fablico en las familias oaxaque\u00f1as, de manera especial para los adultos mayores y para las personas con discapacidad.<\/p>\n\n\n\n<p>Se\u00f1ala que de acuerdo con el diagn\u00f3stico del Programa Pensi\u00f3n para Adultos Mayores de la Secretar\u00eda de Desarrollo Social (Sedesol) en 2013, siete de cada diez adultos mayores no cuentan con una pensi\u00f3n y carecen de recursos econ\u00f3micos formales con los que puedan cubrir sus necesidades.<\/p>\n\n\n\n<p>Cabe mencionar que la iniciativa con proyecto de decreto con la que se busca reformar la Ley de Movilidad para el Estado de Oaxaca, en sus art\u00edculos 87 y 12, se da en seguimiento a la presentada en el 2019, por la&nbsp; actual legislatura.&nbsp;<\/p>\n\n\n\n<p>La petici\u00f3n legislativa promovida por la diputada Magaly L\u00f3pez Dom\u00ednguez, fue turnada a la comisi\u00f3n permanente correspondiente para su an\u00e1lisis y dictamen.<\/p>\n","protected":false},"excerpt":{"rendered":"<p>Redacci\u00f3n\/Zona Roja. Oaxaca de Ju\u00e1rez, Oax., 19 de noviembre del 2020.- La diputada Magaly L\u00f3pez&hellip;<\/p>\n","protected":false},"author":2,"featured_media":20250,"comment_status":"closed","ping_status":"open","sticky":false,"template":"","format":"standard","meta":{"_lmt_disableupdate":"","_lmt_disable":"","_jetpack_memberships_contains_paid_content":false,"footnotes":""},"categories":[109,46],"tags":[192],"class_list":["post-20249","post","type-post","status-publish","format-standard","has-post-thumbnail","hentry","category-minuto-a-minuto","category-zona-blanca","tag-diputada-magaly-lopez-dominguez"],"jetpack_featured_media_url":"https:\/\/zonaroja.com.mx\/wp-content\/uploads\/2020\/11\/Diputada-Magaly-Lopez-D.jpg","jetpack_sharing_enabled":true,"_links":{"self":[{"href":"https:\/\/zonaroja.com.mx\/index.php?rest_route=\/wp\/v2\/posts\/20249","targetHints":{"allow":["GET"]}}],"collection":[{"href":"https:\/\/zonaroja.com.mx\/index.php?rest_route=\/wp\/v2\/posts"}],"about":[{"href":"https:\/\/zonaroja.com.mx\/index.php?rest_route=\/wp\/v2\/types\/post"}],"author":[{"embeddable":true,"href":"https:\/\/zonaroja.com.mx\/index.php?rest_route=\/wp\/v2\/users\/2"}],"replies":[{"embeddable":true,"href":"https:\/\/zonaroja.com.mx\/index.php?rest_route=%2Fwp%2Fv2%2Fcomments&post=20249"}],"version-history":[{"count":1,"href":"https:\/\/zonaroja.com.mx\/index.php?rest_route=\/wp\/v2\/posts\/20249\/revisions"}],"predecessor-version":[{"id":20251,"href":"https:\/\/zonaroja.com.mx\/index.php?rest_route=\/wp\/v2\/posts\/20249\/revisions\/20251"}],"wp:featuredmedia":[{"embeddable":true,"href":"https:\/\/zonaroja.com.mx\/index.php?rest_route=\/wp\/v2\/media\/20250"}],"wp:attachment":[{"href":"https:\/\/zonaroja.com.mx\/index.php?rest_route=%2Fwp%2Fv2%2Fmedia&parent=20249"}],"wp:term":[{"taxonomy":"category","embeddable":true,"href":"https:\/\/zonaroja.com.mx\/index.php?rest_route=%2Fwp%2Fv2%2Fcategories&post=20249"},{"taxonomy":"post_tag","embeddable":true,"href":"https:\/\/zonaroja.com.mx\/index.php?rest_route=%2Fwp%2Fv2%2Ftags&post=20249"}],"curies":[{"name":"wp","href":"https:\/\/api.w.org\/{rel}","templated":true}]}}