{"id":20252,"date":"2020-11-19T07:53:00","date_gmt":"2020-11-19T13:53:00","guid":{"rendered":"http:\/\/www.zonaroja.com.mx\/?p=20252"},"modified":"2020-11-19T07:53:04","modified_gmt":"2020-11-19T13:53:04","slug":"edil-capitalino-amenaza-con-despido-si-no-comparten-en-redes-acciones-de-su-gobierno","status":"publish","type":"post","link":"https:\/\/zonaroja.com.mx\/?p=20252","title":{"rendered":"Edil capitalino amenaza con despido si no comparten en redes acciones de su gobierno"},"content":{"rendered":"\n<p>Yuridiana Sosa\/Zona Roja.<\/p>\n\n\n\n<p>Oaxaca de Ju\u00e1rez, Oax., 18 de noviembre de 2020.- \u201cLes voy a decir algo, mir\u00e1ndolos a los ojos: no me va a temblar la mano para pedirle la renuncia a quien no comparta esta filosof\u00eda\u201d, es parte de un mensaje del edil de Oaxaca de Ju\u00e1rez, Oswaldo Garc\u00eda Jarqu\u00edn, contra los servidores p\u00fablicos del ayuntamiento, del cual circula audio.<\/p>\n\n\n\n<p>Las supuestas amenazas que realiz\u00f3 el presidente municipal de la capital, del Partido Morena, contra sus colaboradores, salieron a la luz esta semana, situaci\u00f3n que ha generado a\u00fan m\u00e1s descontento de la poblaci\u00f3n en su forma de gobernar.<\/p>\n\n\n\n<p>En el audio, sobre el cual a\u00fan no existe una postura del gobierno municipal o del edil en particular, se escucha que el presidente atemoriz\u00f3 a los trabajadores sobre cuidar su empleo y trat\u00f3 de imponer como una de sus obligaciones difundir y compartir en redes sociales desde sus cuentas personales las actividades que su gobierno realiza.<\/p>\n\n\n\n<figure class=\"wp-block-embed-twitter wp-block-embed is-type-rich is-provider-twitter\"><div class=\"wp-block-embed__wrapper\">\n<div class=\"twitter-tweet\"><blockquote class=\"twitter-tweet\" data-lang=\"es\"><p lang=\"es\" dir=\"ltr\">\u00bfQu\u00e9 le parece? \u201cCuidemos nuestro trabajo\u2026 No me va a temblar la mano para pedir la renuncia a quien no comparte esta filosof\u00eda\u2026\u201d, dice el edil de <a href=\"https:\/\/twitter.com\/MunicipioOaxaca?ref_src=twsrc%5Etfw\">@MunicipioOaxaca<\/a>, <a href=\"https:\/\/twitter.com\/oswaldogarciaj?ref_src=twsrc%5Etfw\">@oswaldogarciaj<\/a>, a sus colaboradores.<br>Video: Oaxaca Entre L\u00edneas <a href=\"https:\/\/t.co\/okW0A4Xtrr\">pic.twitter.com\/okW0A4Xtrr<\/a><\/p>&mdash; Zona Roja Oaxaca (@MexRoja) <a href=\"https:\/\/twitter.com\/MexRoja\/status\/1329258084565397507?ref_src=twsrc%5Etfw\">19 de noviembre de 2020<\/a><\/blockquote><\/div>\n<\/div><\/figure>\n\n\n\n<p>\u201cTenemos que ser leales, principalmente a la filosof\u00eda que hemos implantado en la capital, pero desafortunadamente, ya sea por desidia, desconocimiento y lo tengo que decir, falta de compromiso, muchos de los colaboradores municipales no comparten, y son capaces de compartir cosas inveros\u00edmiles y no cuidar la fuente ingresos que le da sustento a nuestras familias\u201d, se\u00f1al\u00f3.<\/p>\n\n\n\n<p>El edil prosigui\u00f3 en la defensa de su gobierno y tratando de convencer agreg\u00f3: \u201cquiero pedirles que hagan un esfuerzo para que desde sus redes sociales podamos compartir lo que el municipio est\u00e1 haciendo\u201d.<\/p>\n\n\n\n<p>Pero fue m\u00e1s all\u00e1 de un llamado, lleg\u00f3 a la amenaza de los despidos. \u201cCuidemos nuestro trabajo, y yo les voy a decir algo, mir\u00e1ndolos a los ojos, no me va a temblar la mano para pedirle la renuncia a quien no comparta esta filosof\u00eda\u201d.<\/p>\n\n\n\n<p>Este mensaje tambi\u00e9n se dirigi\u00f3 a los directores de \u00e1reas, a quienes tambi\u00e9n les pidi\u00f3 defender al municipio y las acciones de gobierno. \u201cLleg\u00f3 la hora de verdaderamente ver hacia delante, vamos bien, los n\u00fameros as\u00ed no los dicen\u201d, se escucha en la \u00faltima parte del audio.<\/p>\n","protected":false},"excerpt":{"rendered":"<p>Yuridiana Sosa\/Zona Roja. Oaxaca de Ju\u00e1rez, Oax., 18 de noviembre de 2020.- \u201cLes voy a&hellip;<\/p>\n","protected":false},"author":2,"featured_media":20253,"comment_status":"closed","ping_status":"open","sticky":false,"template":"","format":"standard","meta":{"_lmt_disableupdate":"","_lmt_disable":"","_jetpack_memberships_contains_paid_content":false,"footnotes":""},"categories":[109,47],"tags":[115],"class_list":["post-20252","post","type-post","status-publish","format-standard","has-post-thumbnail","hentry","category-minuto-a-minuto","category-zona-gris","tag-oswaldo-garcia-jarquin"],"jetpack_featured_media_url":"https:\/\/zonaroja.com.mx\/wp-content\/uploads\/2020\/11\/Oswaldo-Garcia.jpg","jetpack_sharing_enabled":true,"_links":{"self":[{"href":"https:\/\/zonaroja.com.mx\/index.php?rest_route=\/wp\/v2\/posts\/20252","targetHints":{"allow":["GET"]}}],"collection":[{"href":"https:\/\/zonaroja.com.mx\/index.php?rest_route=\/wp\/v2\/posts"}],"about":[{"href":"https:\/\/zonaroja.com.mx\/index.php?rest_route=\/wp\/v2\/types\/post"}],"author":[{"embeddable":true,"href":"https:\/\/zonaroja.com.mx\/index.php?rest_route=\/wp\/v2\/users\/2"}],"replies":[{"embeddable":true,"href":"https:\/\/zonaroja.com.mx\/index.php?rest_route=%2Fwp%2Fv2%2Fcomments&post=20252"}],"version-history":[{"count":1,"href":"https:\/\/zonaroja.com.mx\/index.php?rest_route=\/wp\/v2\/posts\/20252\/revisions"}],"predecessor-version":[{"id":20254,"href":"https:\/\/zonaroja.com.mx\/index.php?rest_route=\/wp\/v2\/posts\/20252\/revisions\/20254"}],"wp:featuredmedia":[{"embeddable":true,"href":"https:\/\/zonaroja.com.mx\/index.php?rest_route=\/wp\/v2\/media\/20253"}],"wp:attachment":[{"href":"https:\/\/zonaroja.com.mx\/index.php?rest_route=%2Fwp%2Fv2%2Fmedia&parent=20252"}],"wp:term":[{"taxonomy":"category","embeddable":true,"href":"https:\/\/zonaroja.com.mx\/index.php?rest_route=%2Fwp%2Fv2%2Fcategories&post=20252"},{"taxonomy":"post_tag","embeddable":true,"href":"https:\/\/zonaroja.com.mx\/index.php?rest_route=%2Fwp%2Fv2%2Ftags&post=20252"}],"curies":[{"name":"wp","href":"https:\/\/api.w.org\/{rel}","templated":true}]}}