{"id":2026,"date":"2019-07-04T20:59:09","date_gmt":"2019-07-05T01:59:09","guid":{"rendered":"http:\/\/www.zonaroja.com.mx\/?p=2026"},"modified":"2019-07-04T20:59:11","modified_gmt":"2019-07-05T01:59:11","slug":"nieta-enveneno-a-sus-abuelos-murio-el-anciano-y-se-salvo-a-la-mujer","status":"publish","type":"post","link":"https:\/\/zonaroja.com.mx\/?p=2026","title":{"rendered":"Nieta envenen\u00f3 a sus abuelos; muri\u00f3 el anciano y se salv\u00f3 a la mujer"},"content":{"rendered":"\n<p>Redacci\u00f3n<\/p>\n\n\n\n<p>Oaxaca de\nJu\u00e1rez, Oax., 4 de julio de 2019.- Por motivos que a\u00fan se desconocen, Minerva\nG. R., coloc\u00f3 veneno en la comida de sus abuelos, pero s\u00f3lo logr\u00f3 que perdiera\nla vida el adulto mayor, mientras que la anciana salv\u00f3 la vida en un hospital.<\/p>\n\n\n\n<p>El pasado 10\nde abril, en la comunidad de Santiago Amatepec, del municipio de Totontepec\nVilla de Morelos, en la regi\u00f3n de la Sierra Ju\u00e1rez, aprovechando que se qued\u00f3\nsola, la joven ech\u00f3 veneno, presuntamente raticida, en el alimento de los\nancianos.<\/p>\n\n\n\n<p>Do\u00f1a Nicolasa Ruiz logr\u00f3 salvar la vida al ser trasladada a un hospital cercano, mientras que su marido Vicente G. Gabriel, falleci\u00f3 en el acto.<\/p>\n\n\n\n<figure class=\"wp-block-embed-twitter wp-block-embed is-type-rich is-provider-twitter\"><div class=\"wp-block-embed__wrapper\">\n<div class=\"twitter-tweet\"><blockquote class=\"twitter-tweet\" data-lang=\"es\"><p lang=\"es\" dir=\"ltr\">Es detenida MINERVA G.G., en cumplimiento a la orden de aprehensi\u00f3n como probable responsable del delito de HOMICIDIO CALIFICADO CON PREMEDITACI\u00d3N y HOMICIDIO CALIFICADO CON PREMEDITACI\u00d3N EN GRADO DE TENTATIVA.<a href=\"https:\/\/twitter.com\/alejandromurat?ref_src=twsrc%5Etfw\">@alejandromurat<\/a> <a href=\"https:\/\/twitter.com\/RVasconcelosM?ref_src=twsrc%5Etfw\">@RVasconcelosM<\/a> <a href=\"https:\/\/twitter.com\/JosAlfredolvar3?ref_src=twsrc%5Etfw\">@JosAlfredolvar3<\/a> <a href=\"https:\/\/twitter.com\/FISCALIA_GobOax?ref_src=twsrc%5Etfw\">@FISCALIA_GobOax<\/a> <a href=\"https:\/\/t.co\/pccQDKAAOR\">pic.twitter.com\/pccQDKAAOR<\/a><\/p>&mdash; AEI_Oaxaca (@AEI_Oaxaca) <a href=\"https:\/\/twitter.com\/AEI_Oaxaca\/status\/1146507926942756865?ref_src=twsrc%5Etfw\">3 de julio de 2019<\/a><\/blockquote><\/div>\n<\/div><\/figure>\n\n\n\n<p>Tras diversas\ninvestigaciones se logr\u00f3 establecer que la probable responsable era Minerva, por\nlo cual el grupo Tlacolula de la Agencia Estatal de Investigaciones (AEI), dio\ncumplimiento este mi\u00e9rcoles a la orden de aprehensi\u00f3n en su contra, liberada\npor el Juez de Control del Circuito Judicial de Valles Centrales.<\/p>\n\n\n\n<p>La joven\nest\u00e1 acusada de homicidio calificado con premeditaci\u00f3n y homicidio calificado\ncon premeditaci\u00f3n en grado de tentativa, por lo cual fue puesta a disposici\u00f3n\ndel juez de la causa, inform\u00f3 la Fiscal\u00eda General del Estado de Oaxaca.<\/p>\n","protected":false},"excerpt":{"rendered":"<p>Redacci\u00f3n Oaxaca de Ju\u00e1rez, Oax., 4 de julio de 2019.- Por motivos que a\u00fan se&hellip;<\/p>\n","protected":false},"author":2,"featured_media":2027,"comment_status":"closed","ping_status":"open","sticky":false,"template":"","format":"standard","meta":{"_lmt_disableupdate":"","_lmt_disable":"","_jetpack_memberships_contains_paid_content":false,"footnotes":""},"categories":[109,51],"tags":[82,59],"class_list":["post-2026","post","type-post","status-publish","format-standard","has-post-thumbnail","hentry","category-minuto-a-minuto","category-zona-roja","tag-agencia-estatal-de-investigaciones","tag-fiscalia-general-del-estado"],"jetpack_featured_media_url":"https:\/\/zonaroja.com.mx\/wp-content\/uploads\/2019\/07\/IMG_6049.jpg","jetpack_sharing_enabled":true,"_links":{"self":[{"href":"https:\/\/zonaroja.com.mx\/index.php?rest_route=\/wp\/v2\/posts\/2026","targetHints":{"allow":["GET"]}}],"collection":[{"href":"https:\/\/zonaroja.com.mx\/index.php?rest_route=\/wp\/v2\/posts"}],"about":[{"href":"https:\/\/zonaroja.com.mx\/index.php?rest_route=\/wp\/v2\/types\/post"}],"author":[{"embeddable":true,"href":"https:\/\/zonaroja.com.mx\/index.php?rest_route=\/wp\/v2\/users\/2"}],"replies":[{"embeddable":true,"href":"https:\/\/zonaroja.com.mx\/index.php?rest_route=%2Fwp%2Fv2%2Fcomments&post=2026"}],"version-history":[{"count":1,"href":"https:\/\/zonaroja.com.mx\/index.php?rest_route=\/wp\/v2\/posts\/2026\/revisions"}],"predecessor-version":[{"id":2028,"href":"https:\/\/zonaroja.com.mx\/index.php?rest_route=\/wp\/v2\/posts\/2026\/revisions\/2028"}],"wp:featuredmedia":[{"embeddable":true,"href":"https:\/\/zonaroja.com.mx\/index.php?rest_route=\/wp\/v2\/media\/2027"}],"wp:attachment":[{"href":"https:\/\/zonaroja.com.mx\/index.php?rest_route=%2Fwp%2Fv2%2Fmedia&parent=2026"}],"wp:term":[{"taxonomy":"category","embeddable":true,"href":"https:\/\/zonaroja.com.mx\/index.php?rest_route=%2Fwp%2Fv2%2Fcategories&post=2026"},{"taxonomy":"post_tag","embeddable":true,"href":"https:\/\/zonaroja.com.mx\/index.php?rest_route=%2Fwp%2Fv2%2Ftags&post=2026"}],"curies":[{"name":"wp","href":"https:\/\/api.w.org\/{rel}","templated":true}]}}