{"id":20260,"date":"2020-11-19T14:08:26","date_gmt":"2020-11-19T20:08:26","guid":{"rendered":"https:\/\/www.zonaroja.com.mx\/?p=20260"},"modified":"2020-11-19T14:08:28","modified_gmt":"2020-11-19T20:08:28","slug":"desplazados-de-xoxocotlan-exigen-justicia-o-renuncia-de-fiscal-ruben-vasconcelos","status":"publish","type":"post","link":"https:\/\/zonaroja.com.mx\/?p=20260","title":{"rendered":"Desplazados de Xoxocotl\u00e1n exigen justicia o renuncia de fiscal Rub\u00e9n Vasconcelos"},"content":{"rendered":"\n<p class=\"MsoNormal\">Yuridiana Sosa\/Zona Roja. <\/p>\n\n\n\n<p class=\"MsoNormal\">Oaxaca de Ju\u00e1rez, Oax., 19 de noviembre de 2020.-  Habitantes desalojados con violencia hace un a\u00f1o de tres parajes de Santa Cruz Xoxocotl\u00e1n, exigieron al gobernador Alejandro Murat Hinojosa devoluci\u00f3n de sus terrenos y la renuncia del fiscal Rub\u00e9n Vasconcelos, al no aplicar justicia por los hechos violentos que dej\u00f3 como saldo dos personas asesinadas, casas incendiadas y decenas de heridos.<\/p>\n\n\n\n<p class=\"MsoNormal\">\u201c\u00a1Qu\u00e9 queremos se\u00f1ores, justicia, ya basta de chingaderas, que resuelva nuestros problemas el se\u00f1or gobernador!\u201d, grit\u00f3 una mujer desesperada, durante una conferencia de prensa en el z\u00f3calo de la capital, para recordarle a las autoridades los lamentables hechos.<\/p>\n\n\n\n<p class=\"MsoNormal\">El 19 de noviembre de 2019, un grupo de personas armadas y supuestamente integrantes del Comisariado Ejidal de Xoxocotl\u00e1n ingresaron a la zona habitada para desalojar con disparos de arma de fuego y quemando viviendas por invadir esas tierras.<\/p>\n\n\n\n<p class=\"MsoNormal\">Pero los habitantes de los parajes \u201cEl Coquito\u201d, \u201cLos M\u00e1ngales\u201d y \u201cLomas de Qu\u00edo\u201d se\u00f1alaron que ellos compraron sus terrenos.<\/p>\n\n\n\n<p class=\"MsoNormal\">\u201c\u00a1Qu\u00e9 esperan! Hace un a\u00f1o estas horas nos arrebataron todo a balazos. Quiero que me devuelvan lo que con trabajo adquir\u00ed, a nadie le rob\u00e9\u201d, se\u00f1al\u00f3 un hombre, uno de los m\u00e1s de 100 cabeza de familia que se encuentran viviendo en un albergue.<\/p>\n\n\n\n<p class=\"MsoNormal\">Desde hace dos meses, luego de vivir por varios meses en un campamento afuera del Palacio de Gobierno, el Gobierno del Estado los reubic\u00f3 de forma temporal en un albergue en Santa Luc\u00eda del Camino, pero las familias exigen sus casas.<\/p>\n\n\n\n<p class=\"MsoNormal\">Luis Enrique Mu\u00f1oz Hern\u00e1ndez, uno de los representantes, indic\u00f3 que por parte de la Secretar\u00eda General de Gobierno existe atenci\u00f3n y espera a que cumpla con las promesas sobre las viviendas, pero el problema recae en la desatenci\u00f3n de la Fiscal\u00eda General del Estado.<\/p>\n\n\n\n<p class=\"MsoNormal\">\u201cHemos sido prudentes, hemos cre\u00eddo en las palabras del gobernador, hemos cre\u00eddo. Pero nos han dado atole con el dedo\u201d, reclamaron los afectados que insistieron en la renuncia de Vasconcelos M\u00e9ndez al no emitir las \u00f3rdenes de aprehensi\u00f3n contra los responsables.<\/p>\n\n\n\n<p class=\"MsoNormal\">El violento desalojo desarroll\u00f3 afectaciones en la salud de otras personas, y al menos en dos casos m\u00e1s las personas v\u00edctimas del ataque han fallecido, con lo que asciende a cuatro las personas que han perdido la vida en medio de este conflicto.<\/p>\n","protected":false},"excerpt":{"rendered":"<p>Yuridiana Sosa\/Zona Roja. Oaxaca de Ju\u00e1rez, Oax., 19 de noviembre de 2020.- Habitantes desalojados con&hellip;<\/p>\n","protected":false},"author":2,"featured_media":20259,"comment_status":"closed","ping_status":"open","sticky":false,"template":"","format":"standard","meta":{"_lmt_disableupdate":"","_lmt_disable":"","_jetpack_memberships_contains_paid_content":false,"footnotes":""},"categories":[109,47],"tags":[],"class_list":["post-20260","post","type-post","status-publish","format-standard","has-post-thumbnail","hentry","category-minuto-a-minuto","category-zona-gris"],"jetpack_featured_media_url":"https:\/\/zonaroja.com.mx\/wp-content\/uploads\/2020\/11\/2996075c-02ec-4a7f-92d3-29229df3fcee.jpg","jetpack_sharing_enabled":true,"_links":{"self":[{"href":"https:\/\/zonaroja.com.mx\/index.php?rest_route=\/wp\/v2\/posts\/20260","targetHints":{"allow":["GET"]}}],"collection":[{"href":"https:\/\/zonaroja.com.mx\/index.php?rest_route=\/wp\/v2\/posts"}],"about":[{"href":"https:\/\/zonaroja.com.mx\/index.php?rest_route=\/wp\/v2\/types\/post"}],"author":[{"embeddable":true,"href":"https:\/\/zonaroja.com.mx\/index.php?rest_route=\/wp\/v2\/users\/2"}],"replies":[{"embeddable":true,"href":"https:\/\/zonaroja.com.mx\/index.php?rest_route=%2Fwp%2Fv2%2Fcomments&post=20260"}],"version-history":[{"count":1,"href":"https:\/\/zonaroja.com.mx\/index.php?rest_route=\/wp\/v2\/posts\/20260\/revisions"}],"predecessor-version":[{"id":20261,"href":"https:\/\/zonaroja.com.mx\/index.php?rest_route=\/wp\/v2\/posts\/20260\/revisions\/20261"}],"wp:featuredmedia":[{"embeddable":true,"href":"https:\/\/zonaroja.com.mx\/index.php?rest_route=\/wp\/v2\/media\/20259"}],"wp:attachment":[{"href":"https:\/\/zonaroja.com.mx\/index.php?rest_route=%2Fwp%2Fv2%2Fmedia&parent=20260"}],"wp:term":[{"taxonomy":"category","embeddable":true,"href":"https:\/\/zonaroja.com.mx\/index.php?rest_route=%2Fwp%2Fv2%2Fcategories&post=20260"},{"taxonomy":"post_tag","embeddable":true,"href":"https:\/\/zonaroja.com.mx\/index.php?rest_route=%2Fwp%2Fv2%2Ftags&post=20260"}],"curies":[{"name":"wp","href":"https:\/\/api.w.org\/{rel}","templated":true}]}}