{"id":20262,"date":"2020-11-19T17:50:49","date_gmt":"2020-11-19T23:50:49","guid":{"rendered":"http:\/\/www.zonaroja.com.mx\/?p=20262"},"modified":"2020-11-19T17:50:53","modified_gmt":"2020-11-19T23:50:53","slug":"jueves-violento-en-oaxaca-cuatro-muertos-y-dos-heridos-en-menos-de-12-horas","status":"publish","type":"post","link":"https:\/\/zonaroja.com.mx\/?p=20262","title":{"rendered":"Jueves violento en Oaxaca: cuatro muertos y dos heridos en menos de 12 horas"},"content":{"rendered":"\n<p>Redacci\u00f3n\/Zona Roja.<\/p>\n\n\n\n<p>Oaxaca de Ju\u00e1rez, Oax., 19 de noviembre de 2020.- En menos de 12 horas, se registr\u00f3 el asesinato de cuatro personas, en las regiones Valles Centrales, Istmo, Costa y Cuenca del estado de Oaxaca.<\/p>\n\n\n\n<p>De acuerdo con reportes policiacos, un enfrentamiento con armas de fuego ocurri\u00f3 la madrugada de hoy en el municipio de San Juan Colorado, en la regi\u00f3n de la Costa, en el que un hombre perdi\u00f3 la vida, mientras que otro var\u00f3n y una mujer resultaron lesionados.<\/p>\n\n\n\n<p>El hecho violento se registr\u00f3 en la poblaci\u00f3n de Nuevo Progreso, donde, seg\u00fan los informes, se desat\u00f3 una ri\u00f1a entre personas que consum\u00edan bebidas alcoh\u00f3licas; los hombres sacaron sus armas de fuego y dispararon.<\/p>\n\n\n\n<p>El var\u00f3n herido, de 47 a\u00f1os de edad, fue trasladado para su atenci\u00f3n m\u00e9dica al municipio vecino de Pinotepa Nacional ante la gravedad de la lesi\u00f3n; las v\u00edctimas a\u00fan no han sido identificadas.<\/p>\n\n\n\n<p>En la regi\u00f3n de Valles Centrales, en jurisdicci\u00f3n del municipio de San Antonio de la Cal, se localiz\u00f3 el cuerpo sin vida de un hombre, en el punto conocido como el puente de piedra de la Tercera Secci\u00f3n La Nopalera.<\/p>\n\n\n\n<p>Las autoridades policiales de la localidad indicaron que cerca de las 07:30 horas se atendi\u00f3 el reporte sobre el hallazgo de una persona, aparentemente golpeada, por lo que personal param\u00e9dico acudi\u00f3 para verificar el hecho, pero el hombre ya no presentaba signos vitales.<\/p>\n\n\n\n<p>Mientras que en la regi\u00f3n del Istmo, en el municipio de Juchit\u00e1n de Zaragoza, se report\u00f3 el asesinato de otro hombre.<\/p>\n\n\n\n<p>El hecho ocurri\u00f3 la ma\u00f1ana de este jueves al exterior de un establecimiento en la zona centro de ese municipio istme\u00f1o. La v\u00edctima fue identificada como Rafael R. alias \u201cEl Cabrito\u201d, originario del municipio de Azoy\u00fa, Guerrero.<\/p>\n\n\n\n<p>Minutos despu\u00e9s del mediod\u00eda, en la regi\u00f3n de la Cuenca, se localiz\u00f3 el cuerpo sin vida de un var\u00f3n a orilla del r\u00edo \u00abValle Nacional\u00bb, en jurisdicci\u00f3n del municipio de Santa Mar\u00eda Jacatepec.<\/p>\n\n\n\n<p>Elementos de la Polic\u00eda Municipal, cuerpo de Protecci\u00f3n Civil municipal y habitantes de la comunidad participaron en el rescate de un individuo, a\u00fan sin identificar hasta el cierre de esta edici\u00f3n.<\/p>\n\n\n\n<p>El fallecido vest\u00eda ropa color negro y portaba una maleta, de quien tampoco se report\u00f3 si presentaba lesiones o heridas en el cuerpo. Por el estado f\u00edsico del cuerpo, la v\u00edctima aparentemente perdi\u00f3 la vida hace m\u00e1s de 24 horas.<\/p>\n","protected":false},"excerpt":{"rendered":"<p>Redacci\u00f3n\/Zona Roja. Oaxaca de Ju\u00e1rez, Oax., 19 de noviembre de 2020.- En menos de 12&hellip;<\/p>\n","protected":false},"author":2,"featured_media":20263,"comment_status":"closed","ping_status":"open","sticky":false,"template":"","format":"standard","meta":{"_lmt_disableupdate":"","_lmt_disable":"","_jetpack_memberships_contains_paid_content":false,"footnotes":""},"categories":[109,51],"tags":[964],"class_list":["post-20262","post","type-post","status-publish","format-standard","has-post-thumbnail","hentry","category-minuto-a-minuto","category-zona-roja","tag-violencia-oaxaca"],"jetpack_featured_media_url":"https:\/\/zonaroja.com.mx\/wp-content\/uploads\/2020\/11\/ASesinado-en-Juchitan.jpg","jetpack_sharing_enabled":true,"_links":{"self":[{"href":"https:\/\/zonaroja.com.mx\/index.php?rest_route=\/wp\/v2\/posts\/20262","targetHints":{"allow":["GET"]}}],"collection":[{"href":"https:\/\/zonaroja.com.mx\/index.php?rest_route=\/wp\/v2\/posts"}],"about":[{"href":"https:\/\/zonaroja.com.mx\/index.php?rest_route=\/wp\/v2\/types\/post"}],"author":[{"embeddable":true,"href":"https:\/\/zonaroja.com.mx\/index.php?rest_route=\/wp\/v2\/users\/2"}],"replies":[{"embeddable":true,"href":"https:\/\/zonaroja.com.mx\/index.php?rest_route=%2Fwp%2Fv2%2Fcomments&post=20262"}],"version-history":[{"count":1,"href":"https:\/\/zonaroja.com.mx\/index.php?rest_route=\/wp\/v2\/posts\/20262\/revisions"}],"predecessor-version":[{"id":20264,"href":"https:\/\/zonaroja.com.mx\/index.php?rest_route=\/wp\/v2\/posts\/20262\/revisions\/20264"}],"wp:featuredmedia":[{"embeddable":true,"href":"https:\/\/zonaroja.com.mx\/index.php?rest_route=\/wp\/v2\/media\/20263"}],"wp:attachment":[{"href":"https:\/\/zonaroja.com.mx\/index.php?rest_route=%2Fwp%2Fv2%2Fmedia&parent=20262"}],"wp:term":[{"taxonomy":"category","embeddable":true,"href":"https:\/\/zonaroja.com.mx\/index.php?rest_route=%2Fwp%2Fv2%2Fcategories&post=20262"},{"taxonomy":"post_tag","embeddable":true,"href":"https:\/\/zonaroja.com.mx\/index.php?rest_route=%2Fwp%2Fv2%2Ftags&post=20262"}],"curies":[{"name":"wp","href":"https:\/\/api.w.org\/{rel}","templated":true}]}}