{"id":20265,"date":"2020-11-19T18:29:49","date_gmt":"2020-11-20T00:29:49","guid":{"rendered":"http:\/\/www.zonaroja.com.mx\/?p=20265"},"modified":"2020-11-19T18:29:52","modified_gmt":"2020-11-20T00:29:52","slug":"denuncian-burocratas-del-stpeidceo-irregularidades-del-comite-ejecutivo","status":"publish","type":"post","link":"https:\/\/zonaroja.com.mx\/?p=20265","title":{"rendered":"Denuncian bur\u00f3cratas del STPEIDCEO irregularidades del Comit\u00e9 Ejecutivo"},"content":{"rendered":"\n<p>Yuridiana Sosa\/Zona Roja.<\/p>\n\n\n\n<p>Oaxaca de Ju\u00e1rez, Oax., 19 de noviembre de 2020.- Un grupo de delegados y empleados afiliados al Sindicato de Trabajadores de los Poderes del Estado e Instituciones Descentralizadas de Car\u00e1cter Estatal de Oaxaca (STPEIDCEO), protest\u00f3 este jueves para denunciar imposiciones en la Comisi\u00f3n de Honor y Justicia.<\/p>\n\n\n\n<p>Los bur\u00f3cratas exigieron al gobernador Alejandro Murat Hinojosa su intervenci\u00f3n ante las probables injerencias de funcionarios estatales en las decisiones internas del sindicato, como es el caso del secretario de Administraci\u00f3n, Germ\u00e1n Espinosa Santib\u00e1\u00f1ez.<\/p>\n\n\n\n<p>Mientras en el interior de un sal\u00f3n de eventos sociales en Santa Luc\u00eda del Camino, el Comit\u00e9 Ejecutivo realizaba una asamblea extraordinaria para la designaci\u00f3n de dicha comisi\u00f3n, al exterior de esas instalaciones un grupo de sindicalizados, excluidos de la convocatoria, se rebel\u00f3 contra la dirigencia de Ignacio Cruz Villavicencio, quien adem\u00e1s no quiere dejar el cargo, acusaron.<\/p>\n\n\n\n<p>Con cartulinas en rechazo a la gesti\u00f3n de su dirigente y de los actos realizados, se\u00f1alaron que la dirigencia viol\u00f3 los estatutos del gremio al designar a dicha comisi\u00f3n en una asamblea extraordinaria, cuando lo correcto es en una asamblea general.<\/p>\n\n\n\n<figure class=\"wp-block-embed-twitter wp-block-embed is-type-rich is-provider-twitter\"><div class=\"wp-block-embed__wrapper\">\n<div class=\"twitter-tweet\"><blockquote class=\"twitter-tweet\" data-lang=\"es\"><p lang=\"es\" dir=\"ltr\"><a href=\"https:\/\/twitter.com\/hashtag\/ENVIVO?src=hash&amp;ref_src=twsrc%5Etfw\">#ENVIVO<\/a><br>Santa Luc\u00eda del Camino, Oax., 19 de noviembre de 2020.- Protesta de un grupo de trabajadores de base del Gobierno del Estado en contra de imposiciones del comit\u00e9 ejecutivo que encabeza Ignacio Cruz Villavicencio. <br>Transmisi\u00f3n: <br>\ud83d\udc47<a href=\"https:\/\/t.co\/KUr1PkjjW1\">https:\/\/t.co\/KUr1PkjjW1<\/a> <a href=\"https:\/\/t.co\/iNwbxa8QRj\">pic.twitter.com\/iNwbxa8QRj<\/a><\/p>&mdash; Zona Roja Oaxaca (@MexRoja) <a href=\"https:\/\/twitter.com\/MexRoja\/status\/1329477917156335616?ref_src=twsrc%5Etfw\">19 de noviembre de 2020<\/a><\/blockquote><\/div>\n<\/div><\/figure>\n\n\n\n<p>El delegado Jos\u00e9 Arturo S\u00e1nchez, excluido de la supuesta convocatoria para delegados, indic\u00f3 que Cruz Villavicencio se basa en un estatuto obsoleto dise\u00f1ado para dirigir a unos 350 trabajadores, cuando actualmente el gremio est\u00e1 conformado por unos 15 mil afiliados.<\/p>\n\n\n\n<p>Luego de denunciar agresiones por parte del cuerpo de seguridad del dirigente, indicaron que tambi\u00e9n existen versiones sobre la complicidad del secretario de Administraci\u00f3n, Germ\u00e1n Espinosa Santib\u00e1\u00f1ez, para aplazar la jornada electoral del sindicato, que cada a\u00f1o se realiza en los primeros d\u00edas de diciembre, para que Ignacio Cruz prolongue su estancia como secretario general.<\/p>\n\n\n\n<p>Adem\u00e1s, exigieron que el Comit\u00e9 Ejecutivo y la Secretar\u00eda de Administraci\u00f3n aclaren sobre el destino de ocho millones de pesos destinado a los eventos anuales del sindicato, pero por la contingencia sanitaria no se realizaron.<\/p>\n\n\n\n<p>Pues la dirigencia sindical no ha ofrecido apoyo a las familias de compa\u00f1eros que fallecieron por Covid-19, ni entregado insumos de protecci\u00f3n e higiene a los que siguen laborando en la pandemia.<\/p>\n","protected":false},"excerpt":{"rendered":"<p>Yuridiana Sosa\/Zona Roja. Oaxaca de Ju\u00e1rez, Oax., 19 de noviembre de 2020.- Un grupo de&hellip;<\/p>\n","protected":false},"author":2,"featured_media":20266,"comment_status":"closed","ping_status":"open","sticky":false,"template":"","format":"standard","meta":{"_lmt_disableupdate":"","_lmt_disable":"","_jetpack_memberships_contains_paid_content":false,"footnotes":""},"categories":[109,47],"tags":[2228],"class_list":["post-20265","post","type-post","status-publish","format-standard","has-post-thumbnail","hentry","category-minuto-a-minuto","category-zona-gris","tag-ignacio-cruz-villavicencio"],"jetpack_featured_media_url":"https:\/\/zonaroja.com.mx\/wp-content\/uploads\/2020\/11\/Protesta-burocratas.jpg","jetpack_sharing_enabled":true,"_links":{"self":[{"href":"https:\/\/zonaroja.com.mx\/index.php?rest_route=\/wp\/v2\/posts\/20265","targetHints":{"allow":["GET"]}}],"collection":[{"href":"https:\/\/zonaroja.com.mx\/index.php?rest_route=\/wp\/v2\/posts"}],"about":[{"href":"https:\/\/zonaroja.com.mx\/index.php?rest_route=\/wp\/v2\/types\/post"}],"author":[{"embeddable":true,"href":"https:\/\/zonaroja.com.mx\/index.php?rest_route=\/wp\/v2\/users\/2"}],"replies":[{"embeddable":true,"href":"https:\/\/zonaroja.com.mx\/index.php?rest_route=%2Fwp%2Fv2%2Fcomments&post=20265"}],"version-history":[{"count":1,"href":"https:\/\/zonaroja.com.mx\/index.php?rest_route=\/wp\/v2\/posts\/20265\/revisions"}],"predecessor-version":[{"id":20267,"href":"https:\/\/zonaroja.com.mx\/index.php?rest_route=\/wp\/v2\/posts\/20265\/revisions\/20267"}],"wp:featuredmedia":[{"embeddable":true,"href":"https:\/\/zonaroja.com.mx\/index.php?rest_route=\/wp\/v2\/media\/20266"}],"wp:attachment":[{"href":"https:\/\/zonaroja.com.mx\/index.php?rest_route=%2Fwp%2Fv2%2Fmedia&parent=20265"}],"wp:term":[{"taxonomy":"category","embeddable":true,"href":"https:\/\/zonaroja.com.mx\/index.php?rest_route=%2Fwp%2Fv2%2Fcategories&post=20265"},{"taxonomy":"post_tag","embeddable":true,"href":"https:\/\/zonaroja.com.mx\/index.php?rest_route=%2Fwp%2Fv2%2Ftags&post=20265"}],"curies":[{"name":"wp","href":"https:\/\/api.w.org\/{rel}","templated":true}]}}