{"id":20276,"date":"2020-11-19T20:27:17","date_gmt":"2020-11-20T02:27:17","guid":{"rendered":"http:\/\/www.zonaroja.com.mx\/?p=20276"},"modified":"2020-11-19T20:27:20","modified_gmt":"2020-11-20T02:27:20","slug":"un-ano-despues-el-becario-pedro-lezama-sigue-luchando-por-su-vida","status":"publish","type":"post","link":"https:\/\/zonaroja.com.mx\/?p=20276","title":{"rendered":"Un a\u00f1o despu\u00e9s, el becario Pedro Lezama sigue luchando por su vida"},"content":{"rendered":"\n<p>Yuridiana Sosa\/Zona Roja.<\/p>\n\n\n\n<p>San Juan Bautista Tuxtepec, Oax., 19 de noviembre de 2020.- El accidente que sufri\u00f3 como becario del programa \u201cJ\u00f3venes construyendo el futuro\u201d, cambi\u00f3 la vida de Pedro Lezama Hern\u00e1ndez y su familia, quienes a un a\u00f1o del tr\u00e1gico hecho que por poco le arrebata la vida, siguen luchando.<\/p>\n\n\n\n<p>\u201cGracias a todos ustedes porque han estado presente en este duro proceso\u201d, mencion\u00f3 el joven en un breve mensaje que public\u00f3 la familia en sus redes sociales, a un a\u00f1o del percance, tiempo en el que el apoyo moral y econ\u00f3mico de la sociedad ha sido fundamental.<\/p>\n\n\n\n<p>Lezama Hern\u00e1ndez fue v\u00edctima de una probable irregularidad en la aplicaci\u00f3n de las reglas de operaci\u00f3n del programa federal por parte del ayuntamiento de San Juan Bautista Tuxtepec, como empresa capacitadora a la que estaba designado.<\/p>\n\n\n\n<p>El accidente lo sufri\u00f3 la tarde del 19 de noviembre de 2019 cuando a bordo de un cami\u00f3n trasladaba l\u00e1minas, mismas que en un movimiento del veh\u00edculo le cayeron encima, ocasionando graves heridas en el t\u00f3rax, abdomen e intestino; como secuela, actualmente sufre del s\u00edndrome de intestino corto.<\/p>\n\n\n\n<p>Pese a ese largo proceso de luchar por su vida, luego de ser desahuciado en dos ocasiones y someterse a siete cirug\u00edas, Pedro se encuentra optimista y con fuerzas para seguir luchando por su vida, indic\u00f3 el padre del joven de 25 a\u00f1os, Alejandro Lezama Arano.<\/p>\n\n\n\n<p>Tras una larga estancia en hospitales, desde noviembre pasado hasta septiembre de este a\u00f1o, Lezama Hern\u00e1ndez y sus padres regresaron a su natal Tuxtepec, donde bajo condiciones estrictas de sanidad sigue su proceso de recuperaci\u00f3n.<\/p>\n\n\n\n<figure class=\"wp-block-image size-large\"><img decoding=\"async\" width=\"958\" height=\"1024\" src=\"http:\/\/www.zonaroja.com.mx\/wp-content\/uploads\/2020\/11\/Pedro-Lezama-1-958x1024.jpg\" alt=\"\" class=\"wp-image-20278\" srcset=\"https:\/\/zonaroja.com.mx\/wp-content\/uploads\/2020\/11\/Pedro-Lezama-1-958x1024.jpg 958w, https:\/\/zonaroja.com.mx\/wp-content\/uploads\/2020\/11\/Pedro-Lezama-1-281x300.jpg 281w, https:\/\/zonaroja.com.mx\/wp-content\/uploads\/2020\/11\/Pedro-Lezama-1-768x821.jpg 768w, https:\/\/zonaroja.com.mx\/wp-content\/uploads\/2020\/11\/Pedro-Lezama-1-585x625.jpg 585w, https:\/\/zonaroja.com.mx\/wp-content\/uploads\/2020\/11\/Pedro-Lezama-1.jpg 1080w\" sizes=\"(max-width: 958px) 100vw, 958px\" \/><\/figure>\n\n\n\n<p>Pedro a\u00fan no est\u00e1 dado de alta, pero debido a la contingencia sanitaria y el riesgo de contagio de Covid-19 que representa su estancia en el Hospital de Especialidades del Centro M\u00e9dico Nacional La Raza, del IMSS, egres\u00f3 del nosocomio.<\/p>\n\n\n\n<p>El se\u00f1or Alejandro Lezama indic\u00f3 que en pr\u00f3ximas semanas regresar\u00e1n a la Ciudad de M\u00e9xico para el seguimiento m\u00e9dico de su hijo, a quien por lo menos le hace falta otro a\u00f1o y medio de recuperaci\u00f3n.<\/p>\n\n\n\n<p>En tanto, su cuerpo se adapta a la serie de intervenciones quir\u00fargicas para rescatar el intestino sano qued\u00f3 tras el accidente.<\/p>\n\n\n\n<p>\u201cHemos vivido cosas dif\u00edciles, pero tambi\u00e9n alegres y estamos agradecidos con Dios y con las personas que nos han apoyado. Seguimos de pie por la recuperaci\u00f3n de Pedro\u201d, expres\u00f3 el orgulloso padre sobre la fortaleza del joven para avanzar en este proceso m\u00e9dico.<\/p>\n\n\n\n<p>Respecto al tema administrativo por la falta del ayuntamiento de Tuxtepec, dijo que desconocen si se aplicaron sanciones, pues nadie les ha informado algo, mientras que ellos se han dedicado en tiempo completo a abordar el tema de la atenci\u00f3n m\u00e9dica para su hijo.<\/p>\n","protected":false},"excerpt":{"rendered":"<p>Yuridiana Sosa\/Zona Roja. San Juan Bautista Tuxtepec, Oax., 19 de noviembre de 2020.- El accidente&hellip;<\/p>\n","protected":false},"author":2,"featured_media":20277,"comment_status":"closed","ping_status":"open","sticky":false,"template":"","format":"standard","meta":{"_lmt_disableupdate":"","_lmt_disable":"","_jetpack_memberships_contains_paid_content":false,"footnotes":""},"categories":[109,46],"tags":[1064],"class_list":["post-20276","post","type-post","status-publish","format-standard","has-post-thumbnail","hentry","category-minuto-a-minuto","category-zona-blanca","tag-pedro-alberto-lezama-hernandez"],"jetpack_featured_media_url":"https:\/\/zonaroja.com.mx\/wp-content\/uploads\/2020\/11\/Pedro-Lazama-2.jpg","jetpack_sharing_enabled":true,"_links":{"self":[{"href":"https:\/\/zonaroja.com.mx\/index.php?rest_route=\/wp\/v2\/posts\/20276","targetHints":{"allow":["GET"]}}],"collection":[{"href":"https:\/\/zonaroja.com.mx\/index.php?rest_route=\/wp\/v2\/posts"}],"about":[{"href":"https:\/\/zonaroja.com.mx\/index.php?rest_route=\/wp\/v2\/types\/post"}],"author":[{"embeddable":true,"href":"https:\/\/zonaroja.com.mx\/index.php?rest_route=\/wp\/v2\/users\/2"}],"replies":[{"embeddable":true,"href":"https:\/\/zonaroja.com.mx\/index.php?rest_route=%2Fwp%2Fv2%2Fcomments&post=20276"}],"version-history":[{"count":1,"href":"https:\/\/zonaroja.com.mx\/index.php?rest_route=\/wp\/v2\/posts\/20276\/revisions"}],"predecessor-version":[{"id":20279,"href":"https:\/\/zonaroja.com.mx\/index.php?rest_route=\/wp\/v2\/posts\/20276\/revisions\/20279"}],"wp:featuredmedia":[{"embeddable":true,"href":"https:\/\/zonaroja.com.mx\/index.php?rest_route=\/wp\/v2\/media\/20277"}],"wp:attachment":[{"href":"https:\/\/zonaroja.com.mx\/index.php?rest_route=%2Fwp%2Fv2%2Fmedia&parent=20276"}],"wp:term":[{"taxonomy":"category","embeddable":true,"href":"https:\/\/zonaroja.com.mx\/index.php?rest_route=%2Fwp%2Fv2%2Fcategories&post=20276"},{"taxonomy":"post_tag","embeddable":true,"href":"https:\/\/zonaroja.com.mx\/index.php?rest_route=%2Fwp%2Fv2%2Ftags&post=20276"}],"curies":[{"name":"wp","href":"https:\/\/api.w.org\/{rel}","templated":true}]}}