{"id":20280,"date":"2020-11-19T21:09:03","date_gmt":"2020-11-20T03:09:03","guid":{"rendered":"http:\/\/www.zonaroja.com.mx\/?p=20280"},"modified":"2020-11-19T21:09:08","modified_gmt":"2020-11-20T03:09:08","slug":"rebasa-mexico-los-100-mil-fallecidos-por-covid-19","status":"publish","type":"post","link":"https:\/\/zonaroja.com.mx\/?p=20280","title":{"rendered":"Rebasa M\u00e9xico los 100 mil fallecidos por Covid-19"},"content":{"rendered":"\n<p>Redacci\u00f3n\/Zona Roja Cdmx.<\/p>\n\n\n\n<p>Ciudad de M\u00e9xico, 19 de noviembre de 2020.- M\u00e9xico rebas\u00f3 los cien mil decesos confirmados por Covid-19 a ocho meses del primer fallecimiento certificado, el pasado 18 de marzo.<\/p>\n\n\n\n<p>La Secretar\u00eda de Salud (Ssa) indic\u00f3 que desde el inicio de la pandemia han muerto por la enfermedad cien mil 104 personas, con 576 decesos corroboradas por laboratorio en las \u00faltimas 24 horas.<\/p>\n\n\n\n<p>Los contagios aumentaron en cuatro mil 472 para un acumulado de un mill\u00f3n 19 mil 543 , mientras que de los dos millones 649 mil personas notificadas, un mill\u00f3n 244 mil 739, ha obtenido un resultado negativo. Los pacientes recuperados suman 766 mil 361.<\/p>\n\n\n\n<p>En conferencia vespertina en Palacio Nacional, Hugo L\u00f3pez-Gatell, subsecretario de Prevenci\u00f3n y Promoci\u00f3n de la Salud, destac\u00f3 que \u201choy en Mexico llegamos a las cien mil personas que han perdido la vida. Es una cantidad inusual, no se ten\u00eda ning\u00fan antecedente previo de una enfermedad infecciosa aguda, que pudiera afectar la vida de tantas personas\u201d.<\/p>\n\n\n\n<p>Record\u00f3 que las causas de muerte en M\u00e9xico han estado dominadas por las enfermedades cr\u00f3nicas no transmisibles como la diabetes, o lesiones de causa externa como los homocidios y suicidios.<\/p>\n\n\n\n<p>El Covid-19, dijo, \u201cse ha ido posicionando, es un posicionamiento desagradable, triste, como una de las causas principales de muerte, y no sabemos desde luego cual terminar\u00e1 siendo la cifra, ya que la epidemia sigue, y hay otras afectaciones, como el tabaquismo, que contribuyen a la mortalidad\u201d.<\/p>\n\n\n\n<p>Por su parte, Jos\u00e9 Luis Alom\u00eda, director general de Epidemiolog\u00eda, indic\u00f3 que la tasa de positividad se ha mantenido en 42 por ciento, lo que depende de la dispersi\u00f3n y transmisi\u00f3n que puede existir en los estados.<\/p>\n\n\n\n<p>Agreg\u00f3 que los casos estimados se mantienen sin cambio, luego de varias semanas en descenso, mientras que los casos activos estimados se mantienen en 3 por ciento del total de los contagios estimados.<\/p>\n\n\n\n<p>En cuanto a los decesos, indic\u00f3 que despu\u00e9s de semanas con un comportamiento ascendente, desde hace 15 d\u00edas se mantiene en una meseta, aunque se deber\u00e1 seguir su comportamiento para las pr\u00f3ximas semanas.<\/p>\n\n\n\n<p>(Informaci\u00f3n de \u00abLa Jornada\u00bb)<\/p>\n","protected":false},"excerpt":{"rendered":"<p>Redacci\u00f3n\/Zona Roja Cdmx. Ciudad de M\u00e9xico, 19 de noviembre de 2020.- M\u00e9xico rebas\u00f3 los cien&hellip;<\/p>\n","protected":false},"author":2,"featured_media":13292,"comment_status":"closed","ping_status":"open","sticky":false,"template":"","format":"standard","meta":{"_lmt_disableupdate":"","_lmt_disable":"","_jetpack_memberships_contains_paid_content":false,"footnotes":""},"categories":[109,47],"tags":[1328],"class_list":["post-20280","post","type-post","status-publish","format-standard","has-post-thumbnail","hentry","category-minuto-a-minuto","category-zona-gris","tag-coronavirus-mexico"],"jetpack_featured_media_url":"https:\/\/zonaroja.com.mx\/wp-content\/uploads\/2020\/06\/Coronavirus-M\u00e9xico-2.jpg","jetpack_sharing_enabled":true,"_links":{"self":[{"href":"https:\/\/zonaroja.com.mx\/index.php?rest_route=\/wp\/v2\/posts\/20280","targetHints":{"allow":["GET"]}}],"collection":[{"href":"https:\/\/zonaroja.com.mx\/index.php?rest_route=\/wp\/v2\/posts"}],"about":[{"href":"https:\/\/zonaroja.com.mx\/index.php?rest_route=\/wp\/v2\/types\/post"}],"author":[{"embeddable":true,"href":"https:\/\/zonaroja.com.mx\/index.php?rest_route=\/wp\/v2\/users\/2"}],"replies":[{"embeddable":true,"href":"https:\/\/zonaroja.com.mx\/index.php?rest_route=%2Fwp%2Fv2%2Fcomments&post=20280"}],"version-history":[{"count":1,"href":"https:\/\/zonaroja.com.mx\/index.php?rest_route=\/wp\/v2\/posts\/20280\/revisions"}],"predecessor-version":[{"id":20281,"href":"https:\/\/zonaroja.com.mx\/index.php?rest_route=\/wp\/v2\/posts\/20280\/revisions\/20281"}],"wp:featuredmedia":[{"embeddable":true,"href":"https:\/\/zonaroja.com.mx\/index.php?rest_route=\/wp\/v2\/media\/13292"}],"wp:attachment":[{"href":"https:\/\/zonaroja.com.mx\/index.php?rest_route=%2Fwp%2Fv2%2Fmedia&parent=20280"}],"wp:term":[{"taxonomy":"category","embeddable":true,"href":"https:\/\/zonaroja.com.mx\/index.php?rest_route=%2Fwp%2Fv2%2Fcategories&post=20280"},{"taxonomy":"post_tag","embeddable":true,"href":"https:\/\/zonaroja.com.mx\/index.php?rest_route=%2Fwp%2Fv2%2Ftags&post=20280"}],"curies":[{"name":"wp","href":"https:\/\/api.w.org\/{rel}","templated":true}]}}