{"id":20285,"date":"2020-11-19T21:19:28","date_gmt":"2020-11-20T03:19:28","guid":{"rendered":"http:\/\/www.zonaroja.com.mx\/?p=20285"},"modified":"2020-11-19T21:19:32","modified_gmt":"2020-11-20T03:19:32","slug":"incesante-covid-en-oaxaca-hoy-148-positivos-y-8-decesos","status":"publish","type":"post","link":"https:\/\/zonaroja.com.mx\/?p=20285","title":{"rendered":"Incesante Covid en Oaxaca; hoy 148 positivos y 8 decesos"},"content":{"rendered":"\n<p>Redacci\u00f3n\/Zona Roja.<\/p>\n\n\n\n<p>Oaxaca de Ju\u00e1rez, Oax., 19 de noviembre de 2020.- Los Servicios de Salud de Oaxaca (SSO) informan que el territorio estatal suma mil 843 defunciones de personas contagiadas del SARS-CoV-2, al registrarse este 19 de noviembre, la muerte de ocho personas m\u00e1s: seis de Valles Centrales, una residente de Tuxtepec y una m\u00e1s de la Mixteca.<\/p>\n\n\n\n<p>En un comunicado, la dependencia indic\u00f3 que la prevalencia m\u00e1s alta respecto a decesos, son las personas mayores de 65 a\u00f1os con 836 casos, cifra que representa el 45% del global de las v\u00edctimas fatales por Covid-19, principalmente con padecimientos subyacentes. Asimismo, el 65.6% han sido varones.<\/p>\n\n\n\n<p>Precis\u00f3 que a la fecha se tienen contabilizadas 36 mil 895 notificaciones por s\u00edntomas compatibles al nuevo coronavirus, 23 mil 279 personas han dado positivo al contagio, 10 mil 041 son negativos y tres mil 575 est\u00e1n como sospechosas.<\/p>\n\n\n\n<p>Enfatiz\u00f3 que del acumulado de pacientes confirmados, 148 son casos nuevos al corte de hoy, estos se detectaron en 44 municipios de la entidad, especialmente en: Oaxaca de Ju\u00e1rez con 57 reportes, Santa Luc\u00eda del Camino con 14, Villa de Zaachila con siete, y San Pablo Etla con seis, el resto cinco, cuatro, tres, dos y un paciente.<\/p>\n\n\n\n<figure class=\"wp-block-embed-twitter wp-block-embed is-type-rich is-provider-twitter\"><div class=\"wp-block-embed__wrapper\">\n<div class=\"twitter-tweet\"><blockquote class=\"twitter-tweet\" data-lang=\"es\"><p lang=\"es\" dir=\"ltr\">Utiliza <a href=\"https:\/\/twitter.com\/hashtag\/Cubrebocas?src=hash&amp;ref_src=twsrc%5Etfw\">#Cubrebocas<\/a> en los espacios compartidos, as\u00ed ayudas a limitar el contagio del <a href=\"https:\/\/twitter.com\/hashtag\/COVID19?src=hash&amp;ref_src=twsrc%5Etfw\">#COVID19<\/a>, adem\u00e1s, recuerda lavarte las manos frecuentemente y mantener siempre una <a href=\"https:\/\/twitter.com\/hashtag\/SanaDistancia?src=hash&amp;ref_src=twsrc%5Etfw\">#SanaDistancia<\/a>.<br><br>Si te cuidas t\u00fa, nos cuidas a todos. <a href=\"https:\/\/t.co\/46b4ucMHg2\">pic.twitter.com\/46b4ucMHg2<\/a><\/p>&mdash; Servicios de Salud (@SSO_GobOax) <a href=\"https:\/\/twitter.com\/SSO_GobOax\/status\/1329611556800311300?ref_src=twsrc%5Etfw\">20 de noviembre de 2020<\/a><\/blockquote><\/div>\n<\/div><\/figure>\n\n\n\n<p>Se\u00f1al\u00f3 que del global de notificaciones de la pandemia, 20 mil 976 se han recuperado de la enfermedad, tras estar en aislamiento por 14 d\u00edas.<\/p>\n\n\n\n<p>En la plataforma estatal de los contagios acumulados, Valles Centrales encabeza la lista con 15 mil 549 casos y 915 muertes; dos mil 279 en el Istmo con 317 defunciones; mil 861 en Tuxtepec con 269 fallecimientos, mil 707 en la Mixteca con 160 perdidas fatales; mil 188 en la Costa, de los cuales 117 son decesos; as\u00ed como 695 casos y 65 defunciones en la Sierra. Del total de positivos 567 se encuentran activos.<\/p>\n\n\n\n<p>Por otro lado, recalc\u00f3 que del total de casos positivos, tres mil 197 contagios corresponden al personal de Salud, de estos 963 son m\u00e9dicos, mil 247 profesionales de la enfermer\u00eda y 987 de \u00e1reas afines.<\/p>\n\n\n\n<p>Los Servicios de Salud recordaron que Oaxaca encuentra en sem\u00e1foro amarillo epidemiol\u00f3gico, y ante la temporada invernal invitan a la ciudadan\u00eda a evitar exponerse a los cambios de temperatura, abrigarse adecuadamente, evitar salir de casa si no es necesario y realizar actividades deportivas aplicando siempre las acciones de protecci\u00f3n sanitaria.<\/p>\n\n\n\n<figure class=\"wp-block-embed-twitter wp-block-embed is-type-rich is-provider-twitter\"><div class=\"wp-block-embed__wrapper\">\n<div class=\"twitter-tweet\"><blockquote class=\"twitter-tweet\" data-lang=\"es\"><p lang=\"es\" dir=\"ltr\"><a href=\"https:\/\/twitter.com\/hashtag\/%C3%9AltimoMinuto?src=hash&amp;ref_src=twsrc%5Etfw\">#\u00daltimoMinuto<\/a><br>Con respecto a <a href=\"https:\/\/twitter.com\/hashtag\/Oaxaca?src=hash&amp;ref_src=twsrc%5Etfw\">#Oaxaca<\/a>, en las \u00faltimas 24 horas se registraron ocho decesos, para un acumulado de mil 843; adem\u00e1s, 148 casos positivos, lo que da un total de 23 mil 279 confirmados.<a href=\"https:\/\/twitter.com\/hashtag\/Qu%C3%A9dateEnCasaA%C3%BAn?src=hash&amp;ref_src=twsrc%5Etfw\">#Qu\u00e9dateEnCasaA\u00fan<\/a> <a href=\"https:\/\/t.co\/u38s5CN204\">pic.twitter.com\/u38s5CN204<\/a><\/p>&mdash; Zona Roja Oaxaca (@MexRoja) <a href=\"https:\/\/twitter.com\/MexRoja\/status\/1329608070234853378?ref_src=twsrc%5Etfw\">20 de noviembre de 2020<\/a><\/blockquote><\/div>\n<\/div><\/figure>\n","protected":false},"excerpt":{"rendered":"<p>Redacci\u00f3n\/Zona Roja. Oaxaca de Ju\u00e1rez, Oax., 19 de noviembre de 2020.- Los Servicios de Salud&hellip;<\/p>\n","protected":false},"author":2,"featured_media":20286,"comment_status":"closed","ping_status":"open","sticky":false,"template":"","format":"standard","meta":{"_lmt_disableupdate":"","_lmt_disable":"","_jetpack_memberships_contains_paid_content":false,"footnotes":""},"categories":[109,47],"tags":[1512],"class_list":["post-20285","post","type-post","status-publish","format-standard","has-post-thumbnail","hentry","category-minuto-a-minuto","category-zona-gris","tag-coronavirus-oaxaca"],"jetpack_featured_media_url":"https:\/\/zonaroja.com.mx\/wp-content\/uploads\/2020\/11\/GRAFICA-SSO-01-4.jpeg","jetpack_sharing_enabled":true,"_links":{"self":[{"href":"https:\/\/zonaroja.com.mx\/index.php?rest_route=\/wp\/v2\/posts\/20285","targetHints":{"allow":["GET"]}}],"collection":[{"href":"https:\/\/zonaroja.com.mx\/index.php?rest_route=\/wp\/v2\/posts"}],"about":[{"href":"https:\/\/zonaroja.com.mx\/index.php?rest_route=\/wp\/v2\/types\/post"}],"author":[{"embeddable":true,"href":"https:\/\/zonaroja.com.mx\/index.php?rest_route=\/wp\/v2\/users\/2"}],"replies":[{"embeddable":true,"href":"https:\/\/zonaroja.com.mx\/index.php?rest_route=%2Fwp%2Fv2%2Fcomments&post=20285"}],"version-history":[{"count":1,"href":"https:\/\/zonaroja.com.mx\/index.php?rest_route=\/wp\/v2\/posts\/20285\/revisions"}],"predecessor-version":[{"id":20287,"href":"https:\/\/zonaroja.com.mx\/index.php?rest_route=\/wp\/v2\/posts\/20285\/revisions\/20287"}],"wp:featuredmedia":[{"embeddable":true,"href":"https:\/\/zonaroja.com.mx\/index.php?rest_route=\/wp\/v2\/media\/20286"}],"wp:attachment":[{"href":"https:\/\/zonaroja.com.mx\/index.php?rest_route=%2Fwp%2Fv2%2Fmedia&parent=20285"}],"wp:term":[{"taxonomy":"category","embeddable":true,"href":"https:\/\/zonaroja.com.mx\/index.php?rest_route=%2Fwp%2Fv2%2Fcategories&post=20285"},{"taxonomy":"post_tag","embeddable":true,"href":"https:\/\/zonaroja.com.mx\/index.php?rest_route=%2Fwp%2Fv2%2Ftags&post=20285"}],"curies":[{"name":"wp","href":"https:\/\/api.w.org\/{rel}","templated":true}]}}