{"id":2029,"date":"2019-07-04T22:24:07","date_gmt":"2019-07-05T03:24:07","guid":{"rendered":"http:\/\/www.zonaroja.com.mx\/?p=2029"},"modified":"2019-07-04T22:24:52","modified_gmt":"2019-07-05T03:24:52","slug":"no-pueden-mandos-de-sspo-y-pe-asalto-plagiado-incinerado-balazos","status":"publish","type":"post","link":"https:\/\/zonaroja.com.mx\/?p=2029","title":{"rendered":"No pueden mandos de SSPO y PE: asalto, plagiado incinerado, balazos\u2026"},"content":{"rendered":"\n<p>Ismael\nGarc\u00eda M.<\/p>\n\n\n\n<p>Oaxaca de Ju\u00e1rez, Oax., 4 de julio de 2019.- Un d\u00eda despu\u00e9s del inicio del arribo de la Guardia Nacional, en el d\u00e9cimo d\u00eda del nuevo responsable de la Secretar\u00eda de Seguridad P\u00fablica y el segundo del comisionado de la Polic\u00eda Estatal, la violencia se mantiene imparable en Oaxaca.<\/p>\n\n\n\n<p>Este jueves,\nfueron hallados los restos de un individuo secuestrado en los Valles Centrales,\nquien fue asesinado e incinerado; en el Istmo se registr\u00f3 una balacera con\nsaldo de dos lesionados; en la zona conurbada de la capital, un asalto impune a\nplena luz del d\u00eda.<\/p>\n\n\n\n<p>INCINERADO<\/p>\n\n\n\n<p>Este jueves\nse confirm\u00f3 el hallazgo de un cuerpo en una bodega de San Juan Guegoyachi, San\nPedro Totol\u00e1pam.<\/p>\n\n\n\n<p>Fuentes de\nla Fiscal\u00eda General del Estado confirmaron que se trat\u00f3 de un individuo que fue\nsecuestrado en Tlacolula de Matamoros, despu\u00e9s asesinado e incinerado. Pese a\nquitarle la vida, sus plagiarios cobraron el rescate de 100 mil pesos.<\/p>\n\n\n\n<p>De acuerdo\ncon los informes preliminares, la v\u00edctima, que se dedicaba a vender veh\u00edculos\nusados, fue contactado para una compra, para lo cual lo citaron en Tototol\u00e1pam,\npero ah\u00ed fue plagiado, tras lo cual pidieron a sus familiares 10 millones de\npesos como rescate.<\/p>\n\n\n\n<p>A pesar de\nrecibir el pasado martes 100 mil pesos, lo asesinaron e incineraron.<\/p>\n\n\n\n<p>Tras\ndiversas investigaciones, personal de la Agencia Estatal de Investigaciones logr\u00f3\ndar con el paradero de un probable responsable, El\u00edas H., quien dio pormenores\ndel lugar en que se localiz\u00f3 el cuerpo.<\/p>\n\n\n\n<p>BALAZOS Y\nASALTO<\/p>\n\n\n\n<p>La tarde de\nhoy, en Santa Mar\u00eda Mixtequilla, regi\u00f3n del Istmo, se suscit\u00f3 una presunta ri\u00f1a\ncon el uso de armas de fuego, en que resultaron lesionadas dos personas.<\/p>\n\n\n\n<p>Los\nagresores se dieron a la fuga mientras que las v\u00edctimas, Eduardo P. O. y\nAntonio P. V., fueron trasladadas a un hospital. <\/p>\n\n\n\n<p>En tanto\nque, de acuerdo con un video difundido a trav\u00e9s de redes sociales, ocupantes de\nun veh\u00edculo de motor fueron asaltados a plena luz del d\u00eda, en la colonia\nAm\u00e9rica Sur, perteneciente a Santa Luc\u00eda del Camino.<\/p>\n\n\n\n<p>A pesar del tr\u00e1nsito de personas y unidades de motor, dos tipos armados amagaron a los ocupantes del coche, tras lo cual se dieron a la fuga con rumbo a la carretera federal 190.<\/p>\n\n\n\n<figure class=\"wp-block-embed-twitter wp-block-embed is-type-rich is-provider-twitter\"><div class=\"wp-block-embed__wrapper\">\n<div class=\"twitter-tweet\"><blockquote class=\"twitter-tweet\" data-lang=\"es\"><p lang=\"es\" dir=\"ltr\"><a href=\"https:\/\/twitter.com\/hashtag\/OaxacaRojo?src=hash&amp;ref_src=twsrc%5Etfw\">#OaxacaRojo<\/a><br>A dos semanas de la <a href=\"https:\/\/twitter.com\/hashtag\/Guelaguetza2019?src=hash&amp;ref_src=twsrc%5Etfw\">#Guelaguetza2019<\/a>, sigue grave la inseguridad. Captan en video asalto a mano armada a plena luz del d\u00eda a un automovilista, en la colonia Am\u00e9rica Sur, cerca del Centro de Convenciones, Santa Luc\u00eda del Camino, Oaxaca. <a href=\"https:\/\/t.co\/zo38MVCDbX\">pic.twitter.com\/zo38MVCDbX<\/a><\/p>&mdash; Zona Roja Oaxaca (@MexRoja) <a href=\"https:\/\/twitter.com\/MexRoja\/status\/1146972101359939584?ref_src=twsrc%5Etfw\">5 de julio de 2019<\/a><\/blockquote><\/div>\n<\/div><\/figure>\n\n\n\n<p>OTRO MUERTO<\/p>\n\n\n\n<p>Por otra\nparte, la Vicefiscal\u00eda Regional de la Cuenca confirm\u00f3 la muerte de una persona\ndel sexo masculino, ocurrida ayer en la colonia Mar\u00eda Eugenia de San Juan\nBautista Tuxtepec.<\/p>\n\n\n\n<p>Lo anterior\npese a que este mi\u00e9rcoles comenzaron a llegar a esa ciudad cuenque\u00f1a elementos\nde la Guardia Nacional.<\/p>\n\n\n\n<p>El hombre\nfue atacado con arma blanca por otro sujeto hasta ahora desconocido.<\/p>\n\n\n\n<p>EN\u00c9SIMO OPERATIVO<\/p>\n\n\n\n<figure class=\"wp-block-embed-twitter wp-block-embed is-type-rich is-provider-twitter\"><div class=\"wp-block-embed__wrapper\">\n<div class=\"twitter-tweet\"><blockquote class=\"twitter-tweet\" data-lang=\"es\"><p lang=\"es\" dir=\"ltr\">Con el objetivo de sumar acciones para inhibir conductas delictivas en la ciudad capital y zonas conurbadas; la SSPO despleg\u00f3 este d\u00eda, el Operativo &quot;Cuadrante Seguro&quot;,  en el que participan elementos de la <a href=\"https:\/\/twitter.com\/Policia_GobOax?ref_src=twsrc%5Etfw\">@Policia_GobOax<\/a> <a href=\"https:\/\/twitter.com\/PolVial_GobOax?ref_src=twsrc%5Etfw\">@PolVial_GobOax<\/a> y <a href=\"https:\/\/twitter.com\/MunicipioSeguro?ref_src=twsrc%5Etfw\">@MunicipioSeguro<\/a> <a href=\"https:\/\/twitter.com\/hashtag\/Oaxaca?src=hash&amp;ref_src=twsrc%5Etfw\">#Oaxaca<\/a> <a href=\"https:\/\/twitter.com\/GobOax?ref_src=twsrc%5Etfw\">@GobOax<\/a> <a href=\"https:\/\/t.co\/bJdgrKnsKJ\">pic.twitter.com\/bJdgrKnsKJ<\/a><\/p>&mdash; Sr\u00eda. Seg. P\u00fab. Oax. (@SSP_GobOax) <a href=\"https:\/\/twitter.com\/SSP_GobOax\/status\/1146884174923649025?ref_src=twsrc%5Etfw\">4 de julio de 2019<\/a><\/blockquote><\/div>\n<\/div><\/figure>\n\n\n\n<p>De su lado,\nel gobierno estatal inform\u00f3 que \u201ccon el objetivo de sumar acciones para inhibir\nlas conductas delictivas en calles y avenidas de esta ciudad capital y zonas\nconurbadas\u201d, la Secretar\u00eda de Seguridad P\u00fablica de Oaxaca (SSPO) a cargo de\nRa\u00fal Ernesto Salcedo Rosales, despleg\u00f3 este d\u00eda a trav\u00e9s de la Polic\u00eda Estatal,\nel operativo \u201cCuadrante Seguro\u201d.<\/p>\n\n\n\n<p>Expuso que en\neste despliegue operativo implementado en puntos estrat\u00e9gicos, participan\nelementos de la Polic\u00eda Estatal, Polic\u00eda Vial Estatal y Polic\u00eda Municipal de la\nciudad de Oaxaca de Ju\u00e1rez, a bordo de patrullas y motopatrullas, al mando de\nun Inspector General.<\/p>\n\n\n\n<p>Mismos que realizan vigilancia fija y m\u00f3vil, as\u00ed como revisiones preventivas aleatorias, bajo un protocolo de actuaci\u00f3n preponderando el estricto respeto a los derechos humanos y constitucionales de la ciudadan\u00eda.<\/p>\n\n\n\n<figure class=\"wp-block-embed-twitter wp-block-embed is-type-rich is-provider-twitter\"><div class=\"wp-block-embed__wrapper\">\n<div class=\"twitter-tweet\"><blockquote class=\"twitter-tweet\" data-lang=\"es\"><p lang=\"es\" dir=\"ltr\">Con el objetivo de evaluar y reforzar la estrategia de seguridad y prevenci\u00f3n del delito; el Secretario Ra\u00fal Ernesto Salcedo Rosales, encabeza reuni\u00f3n con el Comisionado Ra\u00fal Antonio Castillejos Sol\u00eds y comandantes de la <a href=\"https:\/\/twitter.com\/Policia_GobOax?ref_src=twsrc%5Etfw\">@Policia_GobOax<\/a> y <a href=\"https:\/\/twitter.com\/PolVial_GobOax?ref_src=twsrc%5Etfw\">@PolVial_GobOax<\/a> <a href=\"https:\/\/twitter.com\/alejandromurat?ref_src=twsrc%5Etfw\">@alejandromurat<\/a> <a href=\"https:\/\/twitter.com\/hashtag\/Oaxaca?src=hash&amp;ref_src=twsrc%5Etfw\">#Oaxaca<\/a> <a href=\"https:\/\/t.co\/yImdcoHghr\">pic.twitter.com\/yImdcoHghr<\/a><\/p>&mdash; Sr\u00eda. Seg. P\u00fab. Oax. (@SSP_GobOax) <a href=\"https:\/\/twitter.com\/SSP_GobOax\/status\/1146806639187693568?ref_src=twsrc%5Etfw\">4 de julio de 2019<\/a><\/blockquote><\/div>\n<\/div><\/figure>\n","protected":false},"excerpt":{"rendered":"<p>Ismael Garc\u00eda M. Oaxaca de Ju\u00e1rez, Oax., 4 de julio de 2019.- Un d\u00eda despu\u00e9s&hellip;<\/p>\n","protected":false},"author":2,"featured_media":1917,"comment_status":"closed","ping_status":"open","sticky":false,"template":"","format":"standard","meta":{"_lmt_disableupdate":"","_lmt_disable":"","_jetpack_memberships_contains_paid_content":false,"footnotes":""},"categories":[109,51],"tags":[75],"class_list":["post-2029","post","type-post","status-publish","format-standard","has-post-thumbnail","hentry","category-minuto-a-minuto","category-zona-roja","tag-violencia"],"jetpack_featured_media_url":"https:\/\/zonaroja.com.mx\/wp-content\/uploads\/2019\/06\/violencia-1.jpg","jetpack_sharing_enabled":true,"_links":{"self":[{"href":"https:\/\/zonaroja.com.mx\/index.php?rest_route=\/wp\/v2\/posts\/2029","targetHints":{"allow":["GET"]}}],"collection":[{"href":"https:\/\/zonaroja.com.mx\/index.php?rest_route=\/wp\/v2\/posts"}],"about":[{"href":"https:\/\/zonaroja.com.mx\/index.php?rest_route=\/wp\/v2\/types\/post"}],"author":[{"embeddable":true,"href":"https:\/\/zonaroja.com.mx\/index.php?rest_route=\/wp\/v2\/users\/2"}],"replies":[{"embeddable":true,"href":"https:\/\/zonaroja.com.mx\/index.php?rest_route=%2Fwp%2Fv2%2Fcomments&post=2029"}],"version-history":[{"count":2,"href":"https:\/\/zonaroja.com.mx\/index.php?rest_route=\/wp\/v2\/posts\/2029\/revisions"}],"predecessor-version":[{"id":2031,"href":"https:\/\/zonaroja.com.mx\/index.php?rest_route=\/wp\/v2\/posts\/2029\/revisions\/2031"}],"wp:featuredmedia":[{"embeddable":true,"href":"https:\/\/zonaroja.com.mx\/index.php?rest_route=\/wp\/v2\/media\/1917"}],"wp:attachment":[{"href":"https:\/\/zonaroja.com.mx\/index.php?rest_route=%2Fwp%2Fv2%2Fmedia&parent=2029"}],"wp:term":[{"taxonomy":"category","embeddable":true,"href":"https:\/\/zonaroja.com.mx\/index.php?rest_route=%2Fwp%2Fv2%2Fcategories&post=2029"},{"taxonomy":"post_tag","embeddable":true,"href":"https:\/\/zonaroja.com.mx\/index.php?rest_route=%2Fwp%2Fv2%2Ftags&post=2029"}],"curies":[{"name":"wp","href":"https:\/\/api.w.org\/{rel}","templated":true}]}}