{"id":20294,"date":"2020-11-20T08:01:23","date_gmt":"2020-11-20T14:01:23","guid":{"rendered":"http:\/\/www.zonaroja.com.mx\/?p=20294"},"modified":"2020-11-20T08:01:26","modified_gmt":"2020-11-20T14:01:26","slug":"acumula-catem-mas-denuncias-ahora-en-tabasco-y-quintana-roo","status":"publish","type":"post","link":"https:\/\/zonaroja.com.mx\/?p=20294","title":{"rendered":"Acumula CATEM m\u00e1s denuncias, ahora en Tabasco y Quintana Roo"},"content":{"rendered":"\n<p>Redacci\u00f3n\/Zona Roja.<\/p>\n\n\n\n<p>Oaxaca de Ju\u00e1rez, Oax., 20 de noviembre de 2020.- Mientras en Oaxaca contin\u00faan siendo vinculados y se\u00f1alados de participar en hechos delictivos violentos, adem\u00e1s de apropiarse de toda la obra p\u00fablica con apoyo del gobierno, en el sur-sureste de M\u00e9xico tambi\u00e9n hay quejas en contra de la Confederaci\u00f3n Aut\u00f3noma de Trabajadores y Empleados de M\u00e9xico (CATEM).<\/p>\n\n\n\n<p>Desde ayer, en Tabasco y Canc\u00fan, Quintana Roo, hay protestas y paros de trabajadores materialistas, ante los pagos de \u201cmiseria\u201d que pretende realizar la organizaci\u00f3n encabezada a nivel nacional por Pedro Haces Barbas.<\/p>\n\n\n\n<p>Seg\u00fan difundieron ayer, los afectados s\u00f3lo perciben 800 pesos por flete, de los cuales tienen que erogar 629.70 de di\u00e9sel por cada 20 kil\u00f3metros y s\u00f3lo 120 corresponder\u00eda al pago por el chofer y una utilidad de 50.30 pesos, seg\u00fan la organizaci\u00f3n.<\/p>\n\n\n\n<p>\u201cLa CATEM ha enga\u00f1ado a las autoridades y ahora pretende enga\u00f1ar a los choferes, \u00bfqu\u00e9 comer\u00e1n nuestras familias se\u00f1or Presidente?\u201d, denuncian los trabajadores de esas zonas.<\/p>\n","protected":false},"excerpt":{"rendered":"<p>Redacci\u00f3n\/Zona Roja. Oaxaca de Ju\u00e1rez, Oax., 20 de noviembre de 2020.- Mientras en Oaxaca contin\u00faan&hellip;<\/p>\n","protected":false},"author":2,"featured_media":20295,"comment_status":"closed","ping_status":"open","sticky":false,"template":"","format":"standard","meta":{"_lmt_disableupdate":"","_lmt_disable":"","_jetpack_memberships_contains_paid_content":false,"footnotes":""},"categories":[109,47],"tags":[1069],"class_list":["post-20294","post","type-post","status-publish","format-standard","has-post-thumbnail","hentry","category-minuto-a-minuto","category-zona-gris","tag-confederacion-autonoma-de-trabajadores-y-empleados-de-mexico-catem"],"jetpack_featured_media_url":"https:\/\/zonaroja.com.mx\/wp-content\/uploads\/2020\/11\/descarga.png","jetpack_sharing_enabled":true,"_links":{"self":[{"href":"https:\/\/zonaroja.com.mx\/index.php?rest_route=\/wp\/v2\/posts\/20294","targetHints":{"allow":["GET"]}}],"collection":[{"href":"https:\/\/zonaroja.com.mx\/index.php?rest_route=\/wp\/v2\/posts"}],"about":[{"href":"https:\/\/zonaroja.com.mx\/index.php?rest_route=\/wp\/v2\/types\/post"}],"author":[{"embeddable":true,"href":"https:\/\/zonaroja.com.mx\/index.php?rest_route=\/wp\/v2\/users\/2"}],"replies":[{"embeddable":true,"href":"https:\/\/zonaroja.com.mx\/index.php?rest_route=%2Fwp%2Fv2%2Fcomments&post=20294"}],"version-history":[{"count":1,"href":"https:\/\/zonaroja.com.mx\/index.php?rest_route=\/wp\/v2\/posts\/20294\/revisions"}],"predecessor-version":[{"id":20296,"href":"https:\/\/zonaroja.com.mx\/index.php?rest_route=\/wp\/v2\/posts\/20294\/revisions\/20296"}],"wp:featuredmedia":[{"embeddable":true,"href":"https:\/\/zonaroja.com.mx\/index.php?rest_route=\/wp\/v2\/media\/20295"}],"wp:attachment":[{"href":"https:\/\/zonaroja.com.mx\/index.php?rest_route=%2Fwp%2Fv2%2Fmedia&parent=20294"}],"wp:term":[{"taxonomy":"category","embeddable":true,"href":"https:\/\/zonaroja.com.mx\/index.php?rest_route=%2Fwp%2Fv2%2Fcategories&post=20294"},{"taxonomy":"post_tag","embeddable":true,"href":"https:\/\/zonaroja.com.mx\/index.php?rest_route=%2Fwp%2Fv2%2Ftags&post=20294"}],"curies":[{"name":"wp","href":"https:\/\/api.w.org\/{rel}","templated":true}]}}