{"id":20297,"date":"2020-11-20T08:11:19","date_gmt":"2020-11-20T14:11:19","guid":{"rendered":"http:\/\/www.zonaroja.com.mx\/?p=20297"},"modified":"2020-11-20T08:11:21","modified_gmt":"2020-11-20T14:11:21","slug":"aprueba-senado-uso-de-mariguana-pero-no-en-sitios-publicos","status":"publish","type":"post","link":"https:\/\/zonaroja.com.mx\/?p=20297","title":{"rendered":"Aprueba Senado uso de mariguana\u2026 pero no en sitios p\u00fablicos"},"content":{"rendered":"\n<p>Redacci\u00f3n\/Zona Roja Cdmx.<\/p>\n\n\n\n<p>Ciudad de M\u00e9xico, 20 de noviembre de 2020.- El pleno del Senado legaliz\u00f3 el consumo de la mariguana para uso recreativo, l\u00fadico, industrial, cient\u00edfico y elimin\u00f3 al c\u00e1\u00f1amo del listado de sustancias sicotr\u00f3picas.<\/p>\n\n\n\n<p>Con este aval hist\u00f3rico, 115 mil hect\u00e1reas cultivadas con la planta dejar\u00e1n de ser clandestinas y se facilitar\u00e1 la liberaci\u00f3n de al menos 12 mil 562 personas encarceladas por posesi\u00f3n menor, a quienes se les quitar\u00e1 ese antecedente penal.<\/p>\n\n\n\n<p>Con 82 votos a favor, 18 en contra y siete abstenciones, se decidi\u00f3 que para consumo personal en casa se permita la posesi\u00f3n de, m\u00e1ximo, seis plantas o hasta ocho si vive m\u00e1s de un consumidor.<\/p>\n\n\n\n<p>La vivienda deber\u00e1 tener barreras y mecanismos que impidan el ingreso de menores de edad y que el humo llegue a los vecinos.<\/p>\n\n\n\n<p>El consumo tambi\u00e9n podr\u00e1 hacerse en clubes registrados legalmente y alejados al menos 500 metros de \u00e1reas y lugares donde existan menores de edad, como escuelas y parques.<\/p>\n\n\n\n<p>\u201cQueda prohibido consumir cannabis sicoactivo y sus derivados en todo establecimiento comercial con acceso p\u00fablico, as\u00ed como en las escuelas p\u00fablicas y privadas de educaci\u00f3n b\u00e1sica, media superior y superior e instalaciones gubernamentales, y en todo lugar donde est\u00e9 prohibido el uso de tabaco conforme a la Ley General para el Control del Tabaco\u201d, dice la nueva Ley Federal para la Regulaci\u00f3n del Cannabis.<\/p>\n\n\n\n<p>Las personas podr\u00e1n portar hasta 28 gramos de mariguana para consumo personal, pero si exceden esa cantidad y hasta 200 gramos ser\u00e1n merecedores de una multa equivalente a 11 mil pesos; si rebasan los 200 gramos, la sanci\u00f3n ser\u00e1 prisi\u00f3n de hasta diez a\u00f1os.<\/p>\n\n\n\n<p>La reforma permite el cultivo l\u00edcito de mariguana, el consumo adulto y abre la puerta a la liberaci\u00f3n de aproximadamente 12 mil personas encarceladas por posesi\u00f3n menor.<\/p>\n\n\n\n<p>Los no consumidores tendr\u00e1n el derecho de presentar una denuncia en contra de las personas cuyo consumo de mariguana les afecte.<\/p>\n\n\n\n<p>Como esta decisi\u00f3n legislativa pretende propiciar la paz nacional y contribuir a mejorar la seguridad p\u00fablica, dispone que se dar\u00e1 preferencia a los campesinos que actualmente tienen tierras dedicadas a la siembra clandestina y que, de acuerdo con la Secretar\u00eda de la Defensa Nacional, implican 115 mil hect\u00e1reas, inform\u00f3 desde la tribuna el priista Manuel A\u00f1orve.<\/p>\n\n\n\n<p>El nuevo Instituto Mexicano para la Regulaci\u00f3n y Control del Cannabis, que depender\u00e1 de la Secretar\u00eda de Salud, estar\u00e1 obligado a \u201cimplementar medidas afirmativas en el otorgamiento de licencias, a fin de procurar la incorporaci\u00f3n al mercado l\u00edcito de pueblos y comunidades ind\u00edgenas, personas campesinas o ejidatarias, ejidos y comunidades agrarias, comunidades en situaci\u00f3n de marginaci\u00f3n o que, por sus condiciones o caracter\u00edsticas, resultaron afectados por el sistema de vulnerabilidad o desventaja\u201d.<\/p>\n\n\n\n<p>A propuesta de la priista Beatriz Paredes se a\u00f1adi\u00f3 que \u201cen caso de licencias para ejidatarios o comuneros, se requerir\u00e1 la autorizaci\u00f3n de la Asamblea Ejidal o Comunal de que se trate\u201d.<\/p>\n\n\n\n<p>(Informaci\u00f3n del diario &nbsp;\u201cExcelsior\u201d)<\/p>\n","protected":false},"excerpt":{"rendered":"<p>Redacci\u00f3n\/Zona Roja Cdmx. Ciudad de M\u00e9xico, 20 de noviembre de 2020.- El pleno del Senado&hellip;<\/p>\n","protected":false},"author":2,"featured_media":20298,"comment_status":"closed","ping_status":"open","sticky":false,"template":"","format":"standard","meta":{"_lmt_disableupdate":"","_lmt_disable":"","_jetpack_memberships_contains_paid_content":false,"footnotes":""},"categories":[109,47],"tags":[2230],"class_list":["post-20297","post","type-post","status-publish","format-standard","has-post-thumbnail","hentry","category-minuto-a-minuto","category-zona-gris","tag-mexico-aprueba-uso-de-mariguana"],"jetpack_featured_media_url":"https:\/\/zonaroja.com.mx\/wp-content\/uploads\/2020\/11\/Senado-Mariguana.jpg","jetpack_sharing_enabled":true,"_links":{"self":[{"href":"https:\/\/zonaroja.com.mx\/index.php?rest_route=\/wp\/v2\/posts\/20297","targetHints":{"allow":["GET"]}}],"collection":[{"href":"https:\/\/zonaroja.com.mx\/index.php?rest_route=\/wp\/v2\/posts"}],"about":[{"href":"https:\/\/zonaroja.com.mx\/index.php?rest_route=\/wp\/v2\/types\/post"}],"author":[{"embeddable":true,"href":"https:\/\/zonaroja.com.mx\/index.php?rest_route=\/wp\/v2\/users\/2"}],"replies":[{"embeddable":true,"href":"https:\/\/zonaroja.com.mx\/index.php?rest_route=%2Fwp%2Fv2%2Fcomments&post=20297"}],"version-history":[{"count":1,"href":"https:\/\/zonaroja.com.mx\/index.php?rest_route=\/wp\/v2\/posts\/20297\/revisions"}],"predecessor-version":[{"id":20299,"href":"https:\/\/zonaroja.com.mx\/index.php?rest_route=\/wp\/v2\/posts\/20297\/revisions\/20299"}],"wp:featuredmedia":[{"embeddable":true,"href":"https:\/\/zonaroja.com.mx\/index.php?rest_route=\/wp\/v2\/media\/20298"}],"wp:attachment":[{"href":"https:\/\/zonaroja.com.mx\/index.php?rest_route=%2Fwp%2Fv2%2Fmedia&parent=20297"}],"wp:term":[{"taxonomy":"category","embeddable":true,"href":"https:\/\/zonaroja.com.mx\/index.php?rest_route=%2Fwp%2Fv2%2Fcategories&post=20297"},{"taxonomy":"post_tag","embeddable":true,"href":"https:\/\/zonaroja.com.mx\/index.php?rest_route=%2Fwp%2Fv2%2Ftags&post=20297"}],"curies":[{"name":"wp","href":"https:\/\/api.w.org\/{rel}","templated":true}]}}