{"id":20308,"date":"2020-11-21T09:00:01","date_gmt":"2020-11-21T15:00:01","guid":{"rendered":"http:\/\/www.zonaroja.com.mx\/?p=20308"},"modified":"2020-11-20T14:52:37","modified_gmt":"2020-11-20T20:52:37","slug":"anuncian-jornada-academica-en-la-uabjo-en-el-marco-del-25n","status":"publish","type":"post","link":"https:\/\/zonaroja.com.mx\/?p=20308","title":{"rendered":"Anuncian Jornada Acad\u00e9mica en la UABJO, en el marco del 25N"},"content":{"rendered":"\n<p>Evlin Arag\u00f3n\/Zona Roja.<\/p>\n\n\n\n<p>Oaxaca de Ju\u00e1rez, Oax., 21 de noviembre de 2020.- En el marco de la conmemoraci\u00f3n D\u00eda Internacional de la Eliminaci\u00f3n de la Violencia contra la Mujer &#8211;el 25 de noviembre&#8211;, la Direcci\u00f3n de Equidad y G\u00e9nero de la Universidad Aut\u00f3noma \u201cBenito Ju\u00e1rez\u201d de Oaxaca, llevar\u00e1 a cabo una serie de actividades acad\u00e9micas con la intenci\u00f3n de visibilizar la grabe problem\u00e1tica que a nivel mundial enfrentan las mujeres, incluso al interior de las universidades p\u00fablicas.\u00a0<\/p>\n\n\n\n<p>As\u00ed lo dio a conocer la titular de la instancia, Niz Yamille G\u00f3mez Hern\u00e1ndez, quien asegur\u00f3 que la violencia contra las mujeres en cualquier espacio representa una violaci\u00f3n a los derechos humanos, que trae consigo situaciones de desigualdad e interrupci\u00f3n de proyectos de vida de quienes son v\u00edctimas.&nbsp;<\/p>\n\n\n\n<p>La problem\u00e1tica dijo, est\u00e1 perpetuada por una sociedad que lastimosamente permite y normaliza la violencia de g\u00e9nero y feminicida, raz\u00f3n por la que son necesarias actividades que deriven en la reflexi\u00f3n, sensibilizaci\u00f3n y acci\u00f3n en torno al tema.<\/p>\n\n\n\n<p>\u201cEs muy importante que las instituciones de todo tipo, incluida las educativas, as\u00ed como la sociedad en general, hagamos conciencia de la importancia y relevancia de contribuir a una cultura de paz e igualdad entre las personas\u201d, manifest\u00f3.<\/p>\n\n\n\n<p>De ah\u00ed la realizaci\u00f3n de la Jornada Acad\u00e9mica de Igualdad de G\u00e9nero en la Universidades. Retos y Perspectivas, la cual se llevar\u00e1 a cabo los d\u00edas 23, 24 y 25 de noviembre v\u00eda zoom, la cual tiene como objetivo compartir las experiencias, contenidos te\u00f3ricos y contextos de las problem\u00e1ticas actuales para alcanzar la igualdad en la universidad p\u00fablicas de M\u00e9xico.&nbsp;&nbsp;<\/p>\n\n\n\n<p>El programa, explic\u00f3, incluye la conferencia inaugural titulada Transversalizaci\u00f3n de la perspectiva de g\u00e9nero en las instituciones de Educaci\u00f3n Superior, a cargo de la doctora Lourdes Pacheco Ladr\u00f3n de Guevara, coordinadora de la Red Caminos por la Igualdad RENIES-ANUIES.<\/p>\n\n\n\n<p>As\u00ed mismo charlas, pl\u00e1ticas, mesas redondas y presentaci\u00f3n de video, que cuentan con valor curricular y se trasmitir\u00e1n a trav\u00e9s de las redes sociales para quienes no consigan el registro.&nbsp;<\/p>\n\n\n\n<p>G\u00f3mez Hern\u00e1ndez asegur\u00f3 que la comunidad universitaria ha mostrado apertura, aceptaci\u00f3n y participaci\u00f3n en las actividades que realiza la Direcci\u00f3n de Equidad, por lo que no dudo en que la actividad tenga \u00e9xito, sin embargo, reconoci\u00f3 que a\u00fan falta mucho por hacer para contar con una instituci\u00f3n libre de violencia para las alumnas.&nbsp;&nbsp;<\/p>\n\n\n\n<p>\u201cFalta mucho por hacer, el reconocimiento de los derechos no sucede por dicho, por discursos o por im\u00e1genes, es importante un compromiso real de las autoridades para garantizar los derechos de las universitarias y hacer realidad la prevenci\u00f3n, atenci\u00f3n, sanci\u00f3n y erradicaci\u00f3n de la violencia en su contra\u201d, sentenci\u00f3.&nbsp;<\/p>\n","protected":false},"excerpt":{"rendered":"<p>Evlin Arag\u00f3n\/Zona Roja. Oaxaca de Ju\u00e1rez, Oax., 21 de noviembre de 2020.- En el marco&hellip;<\/p>\n","protected":false},"author":2,"featured_media":20309,"comment_status":"closed","ping_status":"open","sticky":false,"template":"","format":"standard","meta":{"_lmt_disableupdate":"","_lmt_disable":"","_jetpack_memberships_contains_paid_content":false,"footnotes":""},"categories":[109,46],"tags":[2232],"class_list":["post-20308","post","type-post","status-publish","format-standard","has-post-thumbnail","hentry","category-minuto-a-minuto","category-zona-blanca","tag-niz-yamille-gomez-hernandez"],"jetpack_featured_media_url":"https:\/\/zonaroja.com.mx\/wp-content\/uploads\/2020\/11\/Yamille-Gomez-DIEG.jpg","jetpack_sharing_enabled":true,"_links":{"self":[{"href":"https:\/\/zonaroja.com.mx\/index.php?rest_route=\/wp\/v2\/posts\/20308","targetHints":{"allow":["GET"]}}],"collection":[{"href":"https:\/\/zonaroja.com.mx\/index.php?rest_route=\/wp\/v2\/posts"}],"about":[{"href":"https:\/\/zonaroja.com.mx\/index.php?rest_route=\/wp\/v2\/types\/post"}],"author":[{"embeddable":true,"href":"https:\/\/zonaroja.com.mx\/index.php?rest_route=\/wp\/v2\/users\/2"}],"replies":[{"embeddable":true,"href":"https:\/\/zonaroja.com.mx\/index.php?rest_route=%2Fwp%2Fv2%2Fcomments&post=20308"}],"version-history":[{"count":1,"href":"https:\/\/zonaroja.com.mx\/index.php?rest_route=\/wp\/v2\/posts\/20308\/revisions"}],"predecessor-version":[{"id":20310,"href":"https:\/\/zonaroja.com.mx\/index.php?rest_route=\/wp\/v2\/posts\/20308\/revisions\/20310"}],"wp:featuredmedia":[{"embeddable":true,"href":"https:\/\/zonaroja.com.mx\/index.php?rest_route=\/wp\/v2\/media\/20309"}],"wp:attachment":[{"href":"https:\/\/zonaroja.com.mx\/index.php?rest_route=%2Fwp%2Fv2%2Fmedia&parent=20308"}],"wp:term":[{"taxonomy":"category","embeddable":true,"href":"https:\/\/zonaroja.com.mx\/index.php?rest_route=%2Fwp%2Fv2%2Fcategories&post=20308"},{"taxonomy":"post_tag","embeddable":true,"href":"https:\/\/zonaroja.com.mx\/index.php?rest_route=%2Fwp%2Fv2%2Ftags&post=20308"}],"curies":[{"name":"wp","href":"https:\/\/api.w.org\/{rel}","templated":true}]}}