{"id":20313,"date":"2020-11-20T16:04:09","date_gmt":"2020-11-20T22:04:09","guid":{"rendered":"http:\/\/www.zonaroja.com.mx\/?p=20313"},"modified":"2020-11-20T16:04:14","modified_gmt":"2020-11-20T22:04:14","slug":"agencias-de-atitlan-denuncian-violencia-de-genero-en-cabildo-y-exigen-recursos","status":"publish","type":"post","link":"https:\/\/zonaroja.com.mx\/?p=20313","title":{"rendered":"Agencias de Atitl\u00e1n denuncian violencia de g\u00e9nero en Cabildo y exigen recursos"},"content":{"rendered":"\n<p>Yuridiana Sosa\/Zona Roja.<\/p>\n\n\n\n<p>Oaxaca de Ju\u00e1rez, Oax., 20 de noviembre de 2020.- Habitantes de dos agencias de Santiago Atitl\u00e1n, en la Sierra Norte, protestan en Ciudad Administrativa para denunciar la violencia de g\u00e9nero que el edil, Tom\u00e1s Ortega V\u00e1squez, ejerce contra dos regidoras, adem\u00e1s de no entregar recursos p\u00fablicos.<\/p>\n\n\n\n<p>Una representaci\u00f3n de los inconformes arrib\u00f3 al complejo de oficinas de gobierno, en el municipio conurbado de Tlalixtac de Cabrera, a fin de exigir la intervenci\u00f3n de la Secretar\u00eda General de Gobierno (Segego), para que busque una soluci\u00f3n inmediata de ambos problemas.<\/p>\n\n\n\n<p>En el tema de violencia de g\u00e9nero, los pobladores de Santiago Atitl\u00e1n, regido por Sistemas Normativos Internos, se\u00f1alaron que desde el mes de marzo el presidente excluy\u00f3 y desconoci\u00f3 a las regidoras de Hacienda, Rosalinda Castillo L\u00f3pez, y a la de Obras, Emma Ortega Casta\u00f1eda.<\/p>\n\n\n\n<p>Las concejales son originarias de las agencias de Estancia de Morelos y El Rodeo, comunidades afectadas con la entrega de los recursos del Ramo 28 y 33, los cuales no se han ejecutado durante este a\u00f1o.<\/p>\n\n\n\n<figure class=\"wp-block-embed-twitter wp-block-embed is-type-rich is-provider-twitter\"><div class=\"wp-block-embed__wrapper\">\n<div class=\"twitter-tweet\"><blockquote class=\"twitter-tweet\" data-lang=\"es\"><p lang=\"es\" dir=\"ltr\"><a href=\"https:\/\/twitter.com\/hashtag\/ENVIVO?src=hash&amp;ref_src=twsrc%5Etfw\">#ENVIVO<\/a><br>Tlalixtac de Cabrera, Oax., 20 de noviembre de 2020.- Conferencia de prensa de habitantes de Santiago Atitl\u00e1n, en el exterior de Ciudad Administrativa. Exigen al edil recursos presupuestales. <br><br>Aqu\u00ed la transmisi\u00f3n <br>\ud83d\udc47<a href=\"https:\/\/t.co\/5uqeFcvWwC\">https:\/\/t.co\/5uqeFcvWwC<\/a> <a href=\"https:\/\/t.co\/2QGgaQHnVz\">pic.twitter.com\/2QGgaQHnVz<\/a><\/p>&mdash; Zona Roja Oaxaca (@MexRoja) <a href=\"https:\/\/twitter.com\/MexRoja\/status\/1329838733907079171?ref_src=twsrc%5Etfw\">20 de noviembre de 2020<\/a><\/blockquote><\/div>\n<\/div><\/figure>\n\n\n\n<p>Uno de los habitantes se\u00f1al\u00f3 que del ramo 28, el presidente municipal debe la cantidad de 75 mil pesos y del Ramo 33, un monto aproximado a los tres millones de pesos.<\/p>\n\n\n\n<p>Los manifestantes indicaron que de no recibir este viernes una soluci\u00f3n a sus demandas, regresar\u00e1n con la participaci\u00f3n de m\u00e1s de tres habitantes inconformes con las irregularidades del edil.<\/p>\n\n\n\n<p>As\u00ed tambi\u00e9n, responsabilizan al titular de la Segego, Francisco Garc\u00eda L\u00f3pez, de cualquier acto que pudiera complicar la situaci\u00f3n en la localidad de no actuar de manera inmediata.<\/p>\n\n\n\n<p>Hasta el momento, los inconformes se mantienen afuera de Ciudad Administrativa, ante la escasa atenci\u00f3n de las autoridades estatales.<\/p>\n","protected":false},"excerpt":{"rendered":"<p>Yuridiana Sosa\/Zona Roja. Oaxaca de Ju\u00e1rez, Oax., 20 de noviembre de 2020.- Habitantes de dos&hellip;<\/p>\n","protected":false},"author":2,"featured_media":20314,"comment_status":"closed","ping_status":"open","sticky":false,"template":"","format":"standard","meta":{"_lmt_disableupdate":"","_lmt_disable":"","_jetpack_memberships_contains_paid_content":false,"footnotes":""},"categories":[109,47],"tags":[2233],"class_list":["post-20313","post","type-post","status-publish","format-standard","has-post-thumbnail","hentry","category-minuto-a-minuto","category-zona-gris","tag-santiago-atitlan"],"jetpack_featured_media_url":"https:\/\/zonaroja.com.mx\/wp-content\/uploads\/2020\/11\/Protesta-Santiago-Atitlan.jpg","jetpack_sharing_enabled":true,"_links":{"self":[{"href":"https:\/\/zonaroja.com.mx\/index.php?rest_route=\/wp\/v2\/posts\/20313","targetHints":{"allow":["GET"]}}],"collection":[{"href":"https:\/\/zonaroja.com.mx\/index.php?rest_route=\/wp\/v2\/posts"}],"about":[{"href":"https:\/\/zonaroja.com.mx\/index.php?rest_route=\/wp\/v2\/types\/post"}],"author":[{"embeddable":true,"href":"https:\/\/zonaroja.com.mx\/index.php?rest_route=\/wp\/v2\/users\/2"}],"replies":[{"embeddable":true,"href":"https:\/\/zonaroja.com.mx\/index.php?rest_route=%2Fwp%2Fv2%2Fcomments&post=20313"}],"version-history":[{"count":1,"href":"https:\/\/zonaroja.com.mx\/index.php?rest_route=\/wp\/v2\/posts\/20313\/revisions"}],"predecessor-version":[{"id":20315,"href":"https:\/\/zonaroja.com.mx\/index.php?rest_route=\/wp\/v2\/posts\/20313\/revisions\/20315"}],"wp:featuredmedia":[{"embeddable":true,"href":"https:\/\/zonaroja.com.mx\/index.php?rest_route=\/wp\/v2\/media\/20314"}],"wp:attachment":[{"href":"https:\/\/zonaroja.com.mx\/index.php?rest_route=%2Fwp%2Fv2%2Fmedia&parent=20313"}],"wp:term":[{"taxonomy":"category","embeddable":true,"href":"https:\/\/zonaroja.com.mx\/index.php?rest_route=%2Fwp%2Fv2%2Fcategories&post=20313"},{"taxonomy":"post_tag","embeddable":true,"href":"https:\/\/zonaroja.com.mx\/index.php?rest_route=%2Fwp%2Fv2%2Ftags&post=20313"}],"curies":[{"name":"wp","href":"https:\/\/api.w.org\/{rel}","templated":true}]}}