{"id":20316,"date":"2020-11-20T16:06:59","date_gmt":"2020-11-20T22:06:59","guid":{"rendered":"http:\/\/www.zonaroja.com.mx\/?p=20316"},"modified":"2020-11-20T16:07:03","modified_gmt":"2020-11-20T22:07:03","slug":"localiza-marina-embarcacion-irregular-y-abandonada-en-huatulco","status":"publish","type":"post","link":"https:\/\/zonaroja.com.mx\/?p=20316","title":{"rendered":"Localiza Marina embarcaci\u00f3n irregular y abandonada, en Huatulco"},"content":{"rendered":"\n<p>Redacci\u00f3n\/Zona Roja.<\/p>\n\n\n\n<p>Oaxaca de Ju\u00e1rez, Oax., 20 de noviembre de 2020.- La Secretar\u00eda de Marina-Armada de M\u00e9xico localiz\u00f3 y recuper\u00f3 una embarcaci\u00f3n abandonada, con caracter\u00edsticas de sumergible, en litorales de Oaxaca.<\/p>\n\n\n\n<p>De acuerdo con los primeros informes, fue personal adscrito al Sector Naval de Huatulco en que atendi\u00f3 el reporte an\u00f3nimo surgido en inmediaciones del poblado de Barra de La Cruz.<\/p>\n\n\n\n<p>Se trata de una embarcaci\u00f3n de construcci\u00f3n artesanal, con caracter\u00edsticas aerodin\u00e1micas con apariencia similar a un semisumergible, que se hall\u00f3 sin ocupantes.<\/p>\n\n\n\n<p>Tras ello, fue puesto a disposici\u00f3n de las autoridades de la Fiscal\u00eda General de la Rep\u00fablica, que investiga si podr\u00eda tratarse de una unidad de motor que utiliza el crimen organizado para recoger droga en altamar y llevarlo a las playas.<\/p>\n\n\n\n<figure class=\"wp-block-image size-large\"><img decoding=\"async\" width=\"832\" height=\"441\" src=\"http:\/\/www.zonaroja.com.mx\/wp-content\/uploads\/2020\/11\/Embarcacion-Huatulco-2.png\" alt=\"\" class=\"wp-image-20318\" srcset=\"https:\/\/zonaroja.com.mx\/wp-content\/uploads\/2020\/11\/Embarcacion-Huatulco-2.png 832w, https:\/\/zonaroja.com.mx\/wp-content\/uploads\/2020\/11\/Embarcacion-Huatulco-2-300x159.png 300w, https:\/\/zonaroja.com.mx\/wp-content\/uploads\/2020\/11\/Embarcacion-Huatulco-2-768x407.png 768w, https:\/\/zonaroja.com.mx\/wp-content\/uploads\/2020\/11\/Embarcacion-Huatulco-2-585x310.png 585w\" sizes=\"(max-width: 832px) 100vw, 832px\" \/><\/figure>\n","protected":false},"excerpt":{"rendered":"<p>Redacci\u00f3n\/Zona Roja. Oaxaca de Ju\u00e1rez, Oax., 20 de noviembre de 2020.- La Secretar\u00eda de Marina-Armada&hellip;<\/p>\n","protected":false},"author":2,"featured_media":20317,"comment_status":"closed","ping_status":"open","sticky":false,"template":"","format":"standard","meta":{"_lmt_disableupdate":"","_lmt_disable":"","_jetpack_memberships_contains_paid_content":false,"footnotes":""},"categories":[109,47],"tags":[2234],"class_list":["post-20316","post","type-post","status-publish","format-standard","has-post-thumbnail","hentry","category-minuto-a-minuto","category-zona-gris","tag-sector-naval-huatulco-secretaria-de-marina"],"jetpack_featured_media_url":"https:\/\/zonaroja.com.mx\/wp-content\/uploads\/2020\/11\/Embarcacion-Huatulco-1.png","jetpack_sharing_enabled":true,"_links":{"self":[{"href":"https:\/\/zonaroja.com.mx\/index.php?rest_route=\/wp\/v2\/posts\/20316","targetHints":{"allow":["GET"]}}],"collection":[{"href":"https:\/\/zonaroja.com.mx\/index.php?rest_route=\/wp\/v2\/posts"}],"about":[{"href":"https:\/\/zonaroja.com.mx\/index.php?rest_route=\/wp\/v2\/types\/post"}],"author":[{"embeddable":true,"href":"https:\/\/zonaroja.com.mx\/index.php?rest_route=\/wp\/v2\/users\/2"}],"replies":[{"embeddable":true,"href":"https:\/\/zonaroja.com.mx\/index.php?rest_route=%2Fwp%2Fv2%2Fcomments&post=20316"}],"version-history":[{"count":1,"href":"https:\/\/zonaroja.com.mx\/index.php?rest_route=\/wp\/v2\/posts\/20316\/revisions"}],"predecessor-version":[{"id":20319,"href":"https:\/\/zonaroja.com.mx\/index.php?rest_route=\/wp\/v2\/posts\/20316\/revisions\/20319"}],"wp:featuredmedia":[{"embeddable":true,"href":"https:\/\/zonaroja.com.mx\/index.php?rest_route=\/wp\/v2\/media\/20317"}],"wp:attachment":[{"href":"https:\/\/zonaroja.com.mx\/index.php?rest_route=%2Fwp%2Fv2%2Fmedia&parent=20316"}],"wp:term":[{"taxonomy":"category","embeddable":true,"href":"https:\/\/zonaroja.com.mx\/index.php?rest_route=%2Fwp%2Fv2%2Fcategories&post=20316"},{"taxonomy":"post_tag","embeddable":true,"href":"https:\/\/zonaroja.com.mx\/index.php?rest_route=%2Fwp%2Fv2%2Ftags&post=20316"}],"curies":[{"name":"wp","href":"https:\/\/api.w.org\/{rel}","templated":true}]}}