{"id":2032,"date":"2019-07-05T08:53:08","date_gmt":"2019-07-05T13:53:08","guid":{"rendered":"http:\/\/www.zonaroja.com.mx\/?p=2032"},"modified":"2019-07-05T06:55:21","modified_gmt":"2019-07-05T11:55:21","slug":"suman-18-mujeres-desaparecidas-en-oaxaca-durante-el-mes-de-junio","status":"publish","type":"post","link":"https:\/\/zonaroja.com.mx\/?p=2032","title":{"rendered":"Suman 18 mujeres desaparecidas en Oaxaca durante el mes de junio"},"content":{"rendered":"\n<p>Redacci\u00f3n<\/p>\n\n\n\n<p>Oaxaca de\nJu\u00e1rez, Oax., 5 de julio de 2019.- Diana, Tatiana, Andrea Esperanza, Valeria,\nTeresita de Jes\u00fas, Luz, Juana, Wendy, Juanita, Lorena, Valeria Jaquelina,\nAndrea, Sulamita, Danna, Marcelina, Roxana, F\u00e1tima y Juana Erika desaparecieron\ndurante el mes de junio en el estado de Oaxaca. <\/p>\n\n\n\n<p>Se trata de 18\nmujeres, ocho menores de edad, que fueron reportadas como desaparecidas durante\nel mes que reci\u00e9n concluy\u00f3 en la entidad oaxaque\u00f1a, tal y como se refleja en la\nUnidad de Personas No Localizadas, de la Fiscal\u00eda General del Estado de Oaxaca.<\/p>\n\n\n\n<p>Todas\ncuentan con una ficha de b\u00fasqueda que incluye su fotograf\u00eda, datos personales,\nse\u00f1as particulares y el \u00faltimo lugar en donde fueron vistas, seis de estas\nfichas ya cuentan con la leyenda \u201clocalizada\u201d y las 12 restantes a\u00fan no, de\nacuerdo con la informaci\u00f3n que se encuentra disponible en la plataforma\ndigital.<\/p>\n\n\n\n<p>Conforme al\nrecuento de este medio informativo, la regi\u00f3n con mayor cantidad de reportes de\nmujeres desaparecidas es Valles Centrales con 11 casos, seguida de la Mixteca,\nCosta e Istmo con dos casos cada una, y finalmente la Sierra Sur con el reporte\nde un s\u00f3lo caso. <\/p>\n\n\n\n<p>De forma\nespec\u00edfica, las mujeres desaparecieron en las localidades de Nochixtl\u00e1n, Puerto\nEscondido, Santa Mar\u00eda Atzompa, Huitzo, San Antonino Castillo Velasco, San\nLorenzo Cacaotepec, Santiago Ap\u00f3stol, Mat\u00edas Romero, Tlaxiaco, Santo Domingo\nTlatinango, Santa Cruz Xoxocotl\u00e1n, Miahuatl\u00e1n de Porfirio D\u00edaz, Pinotepa de Don\nLuis, San Mart\u00edn Mexicapam, San Juan Chapultepec y el Barrio de Jalatlaco,\nestas tres \u00faltimas pertenecientes a la capital del estado.<\/p>\n\n\n\n<p>El rango de\nedad m\u00e1s recurrente de las mujeres desaparecidas es de 11 a 20 a\u00f1os que\nregistra nueve casos, seguido de 21 a 30 a\u00f1os con 6 casos, de 0 a 10 a\u00f1os con\ndos casos, ambos de ni\u00f1as de un a\u00f1o de edad, y finalmente de 71 a 80 a\u00f1os\nreport\u00f3 un solo caso. <\/p>\n\n\n\n<p>Consorcio\nOaxaca reporta 567 mujeres desaparecidas en los que va de las administraci\u00f3n del\ngobernador Alejandro Murat Hinojosa, de las cuales 144 corresponden a este 2019\nde acuerdo con su base de datos en la que no especifican si est\u00e1s han sido o no\nlocalizadas.<\/p>\n\n\n\n<p>Los datos\nrecabados por la organizaci\u00f3n son a partir de las notas informativas publicadas\nen dos de los peri\u00f3dicos de mayor circulaci\u00f3n en el estado y los reportes que\nse difunden a trav\u00e9s de las redes sociales.<\/p>\n","protected":false},"excerpt":{"rendered":"<p>Redacci\u00f3n Oaxaca de Ju\u00e1rez, Oax., 5 de julio de 2019.- Diana, Tatiana, Andrea Esperanza, Valeria,&hellip;<\/p>\n","protected":false},"author":2,"featured_media":1854,"comment_status":"closed","ping_status":"open","sticky":false,"template":"","format":"standard","meta":{"_lmt_disableupdate":"","_lmt_disable":"","_jetpack_memberships_contains_paid_content":false,"footnotes":""},"categories":[109,51],"tags":[],"class_list":["post-2032","post","type-post","status-publish","format-standard","has-post-thumbnail","hentry","category-minuto-a-minuto","category-zona-roja"],"jetpack_featured_media_url":"https:\/\/zonaroja.com.mx\/wp-content\/uploads\/2019\/06\/90287fd9-6975-44b2-b69e-c939f6356620.jpg","jetpack_sharing_enabled":true,"_links":{"self":[{"href":"https:\/\/zonaroja.com.mx\/index.php?rest_route=\/wp\/v2\/posts\/2032","targetHints":{"allow":["GET"]}}],"collection":[{"href":"https:\/\/zonaroja.com.mx\/index.php?rest_route=\/wp\/v2\/posts"}],"about":[{"href":"https:\/\/zonaroja.com.mx\/index.php?rest_route=\/wp\/v2\/types\/post"}],"author":[{"embeddable":true,"href":"https:\/\/zonaroja.com.mx\/index.php?rest_route=\/wp\/v2\/users\/2"}],"replies":[{"embeddable":true,"href":"https:\/\/zonaroja.com.mx\/index.php?rest_route=%2Fwp%2Fv2%2Fcomments&post=2032"}],"version-history":[{"count":1,"href":"https:\/\/zonaroja.com.mx\/index.php?rest_route=\/wp\/v2\/posts\/2032\/revisions"}],"predecessor-version":[{"id":2033,"href":"https:\/\/zonaroja.com.mx\/index.php?rest_route=\/wp\/v2\/posts\/2032\/revisions\/2033"}],"wp:featuredmedia":[{"embeddable":true,"href":"https:\/\/zonaroja.com.mx\/index.php?rest_route=\/wp\/v2\/media\/1854"}],"wp:attachment":[{"href":"https:\/\/zonaroja.com.mx\/index.php?rest_route=%2Fwp%2Fv2%2Fmedia&parent=2032"}],"wp:term":[{"taxonomy":"category","embeddable":true,"href":"https:\/\/zonaroja.com.mx\/index.php?rest_route=%2Fwp%2Fv2%2Fcategories&post=2032"},{"taxonomy":"post_tag","embeddable":true,"href":"https:\/\/zonaroja.com.mx\/index.php?rest_route=%2Fwp%2Fv2%2Ftags&post=2032"}],"curies":[{"name":"wp","href":"https:\/\/api.w.org\/{rel}","templated":true}]}}