{"id":20330,"date":"2020-11-20T21:30:20","date_gmt":"2020-11-21T03:30:20","guid":{"rendered":"http:\/\/www.zonaroja.com.mx\/?p=20330"},"modified":"2020-11-20T21:30:25","modified_gmt":"2020-11-21T03:30:25","slug":"alcoholizados-policias-provocan-accidente-en-tuxtepec-son-escoltas-de-un-reportero","status":"publish","type":"post","link":"https:\/\/zonaroja.com.mx\/?p=20330","title":{"rendered":"Alcoholizados, polic\u00edas provocan accidente en Tuxtepec; son escoltas de un reportero"},"content":{"rendered":"\n<p>Redacci\u00f3n\/Zona Roja.<\/p>\n\n\n\n<p>Oaxaca de Ju\u00e1rez, Oax., 20 de noviembre de 2020.- Elementos policiacos al servicio del Mecanismo Federal de Protecci\u00f3n a Periodistas ocasionaron un accidente vial la madrugada de este viernes, mientras resguardaban a un reportero.<\/p>\n\n\n\n<p>Presuntamente conduc\u00edan en estado de ebriedad en el centro de San Juan Bautista Tuxtepec.<\/p>\n\n\n\n<p>Los agentes, que cumplen funciones de protecci\u00f3n por medidas cautelares a un comunicador de la Cuenca, conduc\u00edan un veh\u00edculo particular tipo Jetta, marca Volkswagen, color blanco, quienes al pasarse un alto se impactaron contra una camioneta tipo Tornado, donde viajaba una pareja.<\/p>\n\n\n\n<p>De acuerdo con el informe policial, el percance vial se registr\u00f3 en la avenida Libertad y calle de Morelos, en pleno centro de la ciudad; una vivienda tambi\u00e9n result\u00f3 da\u00f1ada, sin embargo, por intervenci\u00f3n de autoridades de Oaxaca, los agentes quedaron en libertad.<\/p>\n\n\n\n<p>Desde hace varios meses, los agentes cumplen funciones como protecci\u00f3n personal de un reportero que fue amenazado por el ex edil, fallecido, Fernando Bautista D\u00e1vila.<\/p>\n","protected":false},"excerpt":{"rendered":"<p>Redacci\u00f3n\/Zona Roja. Oaxaca de Ju\u00e1rez, Oax., 20 de noviembre de 2020.- Elementos policiacos al servicio&hellip;<\/p>\n","protected":false},"author":2,"featured_media":20331,"comment_status":"closed","ping_status":"open","sticky":false,"template":"","format":"standard","meta":{"_lmt_disableupdate":"","_lmt_disable":"","_jetpack_memberships_contains_paid_content":false,"footnotes":""},"categories":[109,47],"tags":[118],"class_list":["post-20330","post","type-post","status-publish","format-standard","has-post-thumbnail","hentry","category-minuto-a-minuto","category-zona-gris","tag-san-juan-bautista-tuxtepec"],"jetpack_featured_media_url":"https:\/\/zonaroja.com.mx\/wp-content\/uploads\/2020\/11\/Guardia-de-periodistas-Tuxtepec.jpg","jetpack_sharing_enabled":true,"_links":{"self":[{"href":"https:\/\/zonaroja.com.mx\/index.php?rest_route=\/wp\/v2\/posts\/20330","targetHints":{"allow":["GET"]}}],"collection":[{"href":"https:\/\/zonaroja.com.mx\/index.php?rest_route=\/wp\/v2\/posts"}],"about":[{"href":"https:\/\/zonaroja.com.mx\/index.php?rest_route=\/wp\/v2\/types\/post"}],"author":[{"embeddable":true,"href":"https:\/\/zonaroja.com.mx\/index.php?rest_route=\/wp\/v2\/users\/2"}],"replies":[{"embeddable":true,"href":"https:\/\/zonaroja.com.mx\/index.php?rest_route=%2Fwp%2Fv2%2Fcomments&post=20330"}],"version-history":[{"count":1,"href":"https:\/\/zonaroja.com.mx\/index.php?rest_route=\/wp\/v2\/posts\/20330\/revisions"}],"predecessor-version":[{"id":20332,"href":"https:\/\/zonaroja.com.mx\/index.php?rest_route=\/wp\/v2\/posts\/20330\/revisions\/20332"}],"wp:featuredmedia":[{"embeddable":true,"href":"https:\/\/zonaroja.com.mx\/index.php?rest_route=\/wp\/v2\/media\/20331"}],"wp:attachment":[{"href":"https:\/\/zonaroja.com.mx\/index.php?rest_route=%2Fwp%2Fv2%2Fmedia&parent=20330"}],"wp:term":[{"taxonomy":"category","embeddable":true,"href":"https:\/\/zonaroja.com.mx\/index.php?rest_route=%2Fwp%2Fv2%2Fcategories&post=20330"},{"taxonomy":"post_tag","embeddable":true,"href":"https:\/\/zonaroja.com.mx\/index.php?rest_route=%2Fwp%2Fv2%2Ftags&post=20330"}],"curies":[{"name":"wp","href":"https:\/\/api.w.org\/{rel}","templated":true}]}}