{"id":20333,"date":"2020-11-20T21:36:23","date_gmt":"2020-11-21T03:36:23","guid":{"rendered":"http:\/\/www.zonaroja.com.mx\/?p=20333"},"modified":"2020-11-20T21:36:27","modified_gmt":"2020-11-21T03:36:27","slug":"seguira-oaxaca-en-semaforo-amarillo-pese-a-crecientes-casos-de-covid-hoy-176","status":"publish","type":"post","link":"https:\/\/zonaroja.com.mx\/?p=20333","title":{"rendered":"Seguir\u00e1 Oaxaca en sem\u00e1foro amarillo, pese a crecientes casos de Covid; hoy 176"},"content":{"rendered":"\n<p>Redacci\u00f3n\/Zona Roja.<\/p>\n\n\n\n<p>Oaxaca de Ju\u00e1rez, Oax., 20 de noviembre de 2020.- La Secretar\u00eda de Salud del gobierno federal determin\u00f3 que Oaxaca contin\u00fae en sem\u00e1foro epidemiol\u00f3gico amarillo por otros 15 d\u00edas, pese al alto n\u00famero de contagios por Covid-19.<\/p>\n\n\n\n<p>A su vez, los Servicios de Salud de Oaxaca informaron en un comunicado que los casos en la entidad llegaron a los 23 mil 455 positivos, 176 m\u00e1s que el d\u00eda de ayer, mientras que tres mil 475 est\u00e1n como sospechosos y 10 mil 147 fueron descartados.<\/p>\n\n\n\n<p>Con ellos, se registra un acumulado de 37 mil 077 notificaciones, se ha dado de alta sanitaria a 20 mil 955 personas, 662 pacientes est\u00e1n activos en monitoreo m\u00e9dico aplicando los lineamientos de aislamiento social.<\/p>\n\n\n\n<p>Se agregaron seis defunciones este viernes, para un total de mil 849 personas que han perdido la vida por complicaciones generadas por el virus.<\/p>\n\n\n\n<p>La Jurisdicci\u00f3n Sanitaria de Valles Centrales contin\u00faa siendo la zona m\u00e1s afectada, con la incidencia m\u00e1s alta en los municipios urbanos, con un universo de 15 mil 681 pacientes; seguido por el Istmo con dos mil 282, Tuxtepec con mil 864, la Mixteca con mil 725, la Costa con mil 199 y la Sierra con 704.<\/p>\n\n\n\n<figure class=\"wp-block-embed-twitter wp-block-embed is-type-rich is-provider-twitter\"><div class=\"wp-block-embed__wrapper\">\n<div class=\"twitter-tweet\"><blockquote class=\"twitter-tweet\" data-lang=\"es\"><p lang=\"es\" dir=\"ltr\"><a href=\"https:\/\/twitter.com\/hashtag\/%C3%9AltimoMinuto?src=hash&amp;ref_src=twsrc%5Etfw\">#\u00daltimoMinuto<\/a><br>En Oaxaca, los Servicios de Salud dieron a conocer que en las \u00faltimas 24 horas se registraron 176 casos positivos a Covid, para sumar 23 mil 455; adem\u00e1s, seis fallecimientos, para un total de mil 849. La entidad seguir\u00e1 en sem\u00e1foro amarillo, confirma Salud federal. <a href=\"https:\/\/t.co\/y5tsQKm9WL\">pic.twitter.com\/y5tsQKm9WL<\/a><\/p>&mdash; Zona Roja Oaxaca (@MexRoja) <a href=\"https:\/\/twitter.com\/MexRoja\/status\/1329970978852659200?ref_src=twsrc%5Etfw\">21 de noviembre de 2020<\/a><\/blockquote><\/div>\n<\/div><\/figure>\n\n\n\n<p>En las \u00faltimas 24 horas se detectaron 53 municipios con contagios nuevos, principalmente: Oaxaca de Ju\u00e1rez con 58, para un total de seis mil 643 acumulados; Santa Cruz Xoxocotl\u00e1n y Santa Luc\u00eda del Camino, ambas zonas con 13 casos nuevos, para un total de mil 473 y mil 074 acumulados respectivamente; la Heroica Cuidad de Huajuapan de Le\u00f3n con ocho registros, con esta cifra llega a los 841 acumulado; as\u00ed tambi\u00e9n, por primera vez se detect\u00f3 un caso positivo en el municipio de Santa Luc\u00eda Miahuatl\u00e1n.<\/p>\n\n\n\n<p>En tanto, al n\u00famero de fallecimientos, el funcionario report\u00f3 que 918 corresponden a personas residentes de Valles Centrales, 317 de Istmo, 270 de Tuxtepec, 161 de la Mixteca, 118 de la Costa, as\u00ed como 65 de la Sierra.<\/p>\n\n\n\n<p>Finalmente, la dependencia subray\u00f3 que se ha demostrado que el nuevo coronavirus es capaz de mantener su poder infeccioso durante largos periodos en determinados materiales.<\/p>\n\n\n\n<p>Por lo que, enfatiz\u00f3 que las medidas de higiene, as\u00ed como ventilar las habitaciones, deben extremarse de manera puntual, principalmente en donde vivan adultos mayores, mujeres embarazadas, pacientes cr\u00f3nicos, ya que son el grupo de la poblaci\u00f3n m\u00e1s vulnerables a presentar complicaci\u00f3n por Covid-19.<\/p>\n","protected":false},"excerpt":{"rendered":"<p>Redacci\u00f3n\/Zona Roja. Oaxaca de Ju\u00e1rez, Oax., 20 de noviembre de 2020.- La Secretar\u00eda de Salud&hellip;<\/p>\n","protected":false},"author":2,"featured_media":20334,"comment_status":"closed","ping_status":"open","sticky":false,"template":"","format":"standard","meta":{"_lmt_disableupdate":"","_lmt_disable":"","_jetpack_memberships_contains_paid_content":false,"footnotes":""},"categories":[109,47],"tags":[1512],"class_list":["post-20333","post","type-post","status-publish","format-standard","has-post-thumbnail","hentry","category-minuto-a-minuto","category-zona-gris","tag-coronavirus-oaxaca"],"jetpack_featured_media_url":"https:\/\/zonaroja.com.mx\/wp-content\/uploads\/2020\/11\/GRAFICA-SSO-01-5.jpeg","jetpack_sharing_enabled":true,"_links":{"self":[{"href":"https:\/\/zonaroja.com.mx\/index.php?rest_route=\/wp\/v2\/posts\/20333","targetHints":{"allow":["GET"]}}],"collection":[{"href":"https:\/\/zonaroja.com.mx\/index.php?rest_route=\/wp\/v2\/posts"}],"about":[{"href":"https:\/\/zonaroja.com.mx\/index.php?rest_route=\/wp\/v2\/types\/post"}],"author":[{"embeddable":true,"href":"https:\/\/zonaroja.com.mx\/index.php?rest_route=\/wp\/v2\/users\/2"}],"replies":[{"embeddable":true,"href":"https:\/\/zonaroja.com.mx\/index.php?rest_route=%2Fwp%2Fv2%2Fcomments&post=20333"}],"version-history":[{"count":1,"href":"https:\/\/zonaroja.com.mx\/index.php?rest_route=\/wp\/v2\/posts\/20333\/revisions"}],"predecessor-version":[{"id":20335,"href":"https:\/\/zonaroja.com.mx\/index.php?rest_route=\/wp\/v2\/posts\/20333\/revisions\/20335"}],"wp:featuredmedia":[{"embeddable":true,"href":"https:\/\/zonaroja.com.mx\/index.php?rest_route=\/wp\/v2\/media\/20334"}],"wp:attachment":[{"href":"https:\/\/zonaroja.com.mx\/index.php?rest_route=%2Fwp%2Fv2%2Fmedia&parent=20333"}],"wp:term":[{"taxonomy":"category","embeddable":true,"href":"https:\/\/zonaroja.com.mx\/index.php?rest_route=%2Fwp%2Fv2%2Fcategories&post=20333"},{"taxonomy":"post_tag","embeddable":true,"href":"https:\/\/zonaroja.com.mx\/index.php?rest_route=%2Fwp%2Fv2%2Ftags&post=20333"}],"curies":[{"name":"wp","href":"https:\/\/api.w.org\/{rel}","templated":true}]}}