{"id":20344,"date":"2020-11-21T08:14:34","date_gmt":"2020-11-21T14:14:34","guid":{"rendered":"http:\/\/www.zonaroja.com.mx\/?p=20344"},"modified":"2020-11-21T08:14:37","modified_gmt":"2020-11-21T14:14:37","slug":"fin-del-mito-oaxaca-ocupa-tercer-lugar-nacional-en-pobreza-laboral","status":"publish","type":"post","link":"https:\/\/zonaroja.com.mx\/?p=20344","title":{"rendered":"Fin del mito: Oaxaca ocupa tercer lugar nacional en pobreza laboral"},"content":{"rendered":"\n<p>Redacci\u00f3n\/Yuridiana Sosa\/Zona Roja.<\/p>\n\n\n\n<p>Oaxaca de Ju\u00e1rez, Oax., 21 de noviembre de 2020.- Contrario a las cifras del Cuarto Informe del gobernador Alejandro Murat, datos recientes del Consejo Nacional de Evaluaci\u00f3n de la Pol\u00edtica Social (Coneval), ubicaron a Oaxaca en el tercer lugar nacional con el mayor \u00edndice de pobreza laboral.<\/p>\n\n\n\n<p>Seg\u00fan los datos, en el tercer trimestre del a\u00f1o 2020, 14 entidades reportaron una tasa de pobreza laboral superior a la media nacional.<\/p>\n\n\n\n<p>Los mayores niveles los tuvieron Chiapas, con 69.3%; Guerrero, 62.6%, y Oaxaca, con 60.4% de ciudadanos que no puede adquirir la canasta b\u00e1sica con su ingreso laboral.<\/p>\n\n\n\n<p>Seg\u00fan el organismo institucional de M\u00e9xico, la pandemia de coronavirus (Covid-19) dispar\u00f3 la pobreza a niveles r\u00e9cord, ampliando la brecha de desigualdad que existe en el pa\u00eds.<\/p>\n\n\n\n<p>Ello debido a la p\u00e9rdida de empleos, la baja del ingreso laboral y el repunte del costo de la canasta alimentaria, public\u00f3 el diario \u201cEl Universal\u201d.<\/p>\n\n\n\n<p>Del primer trimestre del a\u00f1o &#8211;previo a la emergencia sanitaria&#8211; al tercer trimestre, el porcentaje de la poblaci\u00f3n en pobreza laboral, es decir, con un ingreso inferior al valor de la canasta b\u00e1sica, pas\u00f3 de 35.7% a 44.5%.<\/p>\n\n\n\n<p>Se trata del nivel trimestral m\u00e1s alto desde 2005, cuando inici\u00f3 el registro del indicador. Entre los factores del incremento est\u00e1n la disminuci\u00f3n anual de 6.7% en el ingreso laboral real, el aumento en los precios de la canasta b\u00e1sica y el alza en la tasa de desocupaci\u00f3n, refiere el medio informativo.<\/p>\n\n\n\n<p>El poder adquisitivo del ingreso laboral real per capita disminuy\u00f3 12.3% entre el primer trimestre y el tercer trimestres de 2020, para ubicarse en mil 675.21 pesos, el nivel m\u00e1s bajo desde el cuarto trimestre de 2017.<\/p>\n\n\n\n<p>En el tercer trimestre del a\u00f1o tambi\u00e9n se observ\u00f3 un aumento del \u00cdndice Nacional de Precios al Consumidor respecto al registrado en el mismo periodo del a\u00f1o anterior, pues la inflaci\u00f3n promedio anual se ubic\u00f3 en 3.9%, mayor a lo reportado en el tercer trimestre de 2019, que fue de 3.3%.<\/p>\n\n\n\n<p>EN LA CUENCA<\/p>\n\n\n\n<p>Por otra parte, el Censo Econ\u00f3mico 2019, realizado por el INEGI, revel\u00f3 que, en el municipio de San Juan Bautista Tuxtepec, 27 mil 290 personas cuentan con un empleo, lo que representa, el 56.4 por ciento de las personas ocupadas en la regi\u00f3n de la Cuenca y el segundo a nivel estatal con el cinco por ciento a nivel estatal.<\/p>\n\n\n\n<p>Los resultados de la encuesta aplicada el a\u00f1o pasado fueron detallados este viernes por el INEGI a trav\u00e9s de una conferencia de prensa virtual, entre el sector productivo, representantes de los diferentes \u00e1mbitos econ\u00f3micos y autoridades locales.<\/p>\n\n\n\n<p>El Instituto Nacional de Geograf\u00eda e Informaci\u00f3n dio a conocer que de forma especial realiza un ejercicio de rastreo este 2020 para tener un panorama de los efectos que ha dejado la pandemia de Covid-19 en el sector econ\u00f3mico, pues reconocieron el cambio radical que se ha presentado este a\u00f1o con el cierre de establecimientos.<\/p>\n\n\n\n<p>Durante el 2019, en la regi\u00f3n de la Cuenca se registr\u00f3 la existencia de 17 mil 599 unidades econ\u00f3micas, de las cuales siete mil 647 se encuentran en el municipio de Tuxtepec.<\/p>\n\n\n\n<p>Los establecimientos en esta regi\u00f3n de Oaxaca representan el ocho por ciento de los que existen a nivel estatal, as\u00ed como aporta con el 8.8 por ciento de los empleos en el estado, al mantener ocupadas a 48 mil 346 personas.<\/p>\n\n\n\n<p>La vocaci\u00f3n econ\u00f3mica que sobresale en la regi\u00f3n es la de comercio, con el 39.7 por ciento de los establecimientos y el 37.9 por ciento de las personas empleadas; el 96.4 por ciento de ellas laboran desde las micro empresas y el 3.54 en las Pymes. Mientras que el 66.7 por ciento de los negocios se encuentran en la informalidad.<\/p>\n","protected":false},"excerpt":{"rendered":"<p>Redacci\u00f3n\/Yuridiana Sosa\/Zona Roja. Oaxaca de Ju\u00e1rez, Oax., 21 de noviembre de 2020.- Contrario a las&hellip;<\/p>\n","protected":false},"author":2,"featured_media":12057,"comment_status":"closed","ping_status":"open","sticky":false,"template":"","format":"standard","meta":{"_lmt_disableupdate":"","_lmt_disable":"","_jetpack_memberships_contains_paid_content":false,"footnotes":""},"categories":[109,47],"tags":[2236],"class_list":["post-20344","post","type-post","status-publish","format-standard","has-post-thumbnail","hentry","category-minuto-a-minuto","category-zona-gris","tag-pobreza-laboral-en-oaxaca"],"jetpack_featured_media_url":"https:\/\/zonaroja.com.mx\/wp-content\/uploads\/2020\/05\/IMG_8571.jpg","jetpack_sharing_enabled":true,"_links":{"self":[{"href":"https:\/\/zonaroja.com.mx\/index.php?rest_route=\/wp\/v2\/posts\/20344","targetHints":{"allow":["GET"]}}],"collection":[{"href":"https:\/\/zonaroja.com.mx\/index.php?rest_route=\/wp\/v2\/posts"}],"about":[{"href":"https:\/\/zonaroja.com.mx\/index.php?rest_route=\/wp\/v2\/types\/post"}],"author":[{"embeddable":true,"href":"https:\/\/zonaroja.com.mx\/index.php?rest_route=\/wp\/v2\/users\/2"}],"replies":[{"embeddable":true,"href":"https:\/\/zonaroja.com.mx\/index.php?rest_route=%2Fwp%2Fv2%2Fcomments&post=20344"}],"version-history":[{"count":1,"href":"https:\/\/zonaroja.com.mx\/index.php?rest_route=\/wp\/v2\/posts\/20344\/revisions"}],"predecessor-version":[{"id":20345,"href":"https:\/\/zonaroja.com.mx\/index.php?rest_route=\/wp\/v2\/posts\/20344\/revisions\/20345"}],"wp:featuredmedia":[{"embeddable":true,"href":"https:\/\/zonaroja.com.mx\/index.php?rest_route=\/wp\/v2\/media\/12057"}],"wp:attachment":[{"href":"https:\/\/zonaroja.com.mx\/index.php?rest_route=%2Fwp%2Fv2%2Fmedia&parent=20344"}],"wp:term":[{"taxonomy":"category","embeddable":true,"href":"https:\/\/zonaroja.com.mx\/index.php?rest_route=%2Fwp%2Fv2%2Fcategories&post=20344"},{"taxonomy":"post_tag","embeddable":true,"href":"https:\/\/zonaroja.com.mx\/index.php?rest_route=%2Fwp%2Fv2%2Ftags&post=20344"}],"curies":[{"name":"wp","href":"https:\/\/api.w.org\/{rel}","templated":true}]}}