{"id":20352,"date":"2020-11-21T14:03:57","date_gmt":"2020-11-21T20:03:57","guid":{"rendered":"http:\/\/www.zonaroja.com.mx\/?p=20352"},"modified":"2020-11-21T14:04:38","modified_gmt":"2020-11-21T20:04:38","slug":"cumple-dos-semanas-de-desaparecida-familia-en-la-capital-de-oaxaca","status":"publish","type":"post","link":"https:\/\/zonaroja.com.mx\/?p=20352","title":{"rendered":"Cumple dos semanas de desaparecida mujer e hijos en capital de Oaxaca"},"content":{"rendered":"\n<p>Evlin Arag\u00f3n\/Zona Roja.<\/p>\n\n\n\n<p>Oaxaca de Ju\u00e1rez, Oax., 21 de noviembre de 2020.- El pasado 7 de noviembre, Fabiola Guadalupe Reyes V\u00e1squez, de 26 a\u00f1os de edad, sali\u00f3 de su casa, ubicada en inmediaciones de la colonia Lomas de Microondas, en la capital de Oaxaca; subi\u00f3 a un taxi del sitio \u201cAlameda\u201d y ya no se volvi\u00f3 a saber m\u00e1s de ella.&nbsp;<\/p>\n\n\n\n<p>Fabiola iba en compa\u00f1\u00eda de sus hijas e hijo: Lluvia de nueve a\u00f1os, Alan de cuatro y Brisa de tan s\u00f3lo 11 meses; de acuerdo con la poca informaci\u00f3n que se cuenta de los hechos, la joven mujer tom\u00f3 un mototaxi para posteriormente abordar una unidad de motor color amarillo.<\/p>\n\n\n\n<p>As\u00ed lo refiere Martha Edith Reyes V\u00e1squez, madre de Fabiola y abuela de las y el menor de edad desaparecidos, quien con sus propios recursos ha iniciado una b\u00fasqueda en las inmediaciones de donde resid\u00eda su hija, as\u00ed como en las redes sociales donde ya se comparte la ficha emitida por las autoridades.&nbsp;<\/p>\n\n\n\n<p>\u201cEstoy desesperada busc\u00e1ndola, ya est\u00e1 en redes sociales, ya sali\u00f3 en la radio, la tele, el peri\u00f3dico y estoy desesperada por qu\u00e9 no arroja ning\u00fan resultado la b\u00fasqueda, yo le pido a la audiencia que se pongan en mi lugar y si saben algo de Fabiola se comuniquen conmigo\u201d, dijo ante medios de comunicaci\u00f3n.&nbsp;<\/p>\n\n\n\n<p>Reyes V\u00e1squez asegur\u00f3 que la Fiscal\u00eda General de Justicia del Estado ya tiene conocimiento de los hechos, toda vez que ya levant\u00f3 la denuncia respectiva, sin embargo, tampoco hay avances en las l\u00edneas de investigaci\u00f3n que permitan dar con el paradero de la joven mujer.<\/p>\n\n\n\n<figure class=\"wp-block-embed-twitter wp-block-embed is-type-rich is-provider-twitter\"><div class=\"wp-block-embed__wrapper\">\n<div class=\"twitter-tweet\"><blockquote class=\"twitter-tweet\" data-lang=\"es\"><p lang=\"es\" dir=\"ltr\">La se\u00f1ora Martha Edith recurre a medios de comunicaci\u00f3n para que ayuden a localizar a su hija Fabiola Guadalupe y sus tres peque\u00f1os, desaparecidos desde el 7 de noviembre en la capital <a href=\"https:\/\/twitter.com\/hashtag\/de?src=hash&amp;ref_src=twsrc%5Etfw\">#de<\/a> Oaxaca; insuficientes, los esfuerzos institucionales, considera. <a href=\"https:\/\/t.co\/LSpZja9IqP\">pic.twitter.com\/LSpZja9IqP<\/a><\/p>&mdash; Zona Roja Oaxaca (@MexRoja) <a href=\"https:\/\/twitter.com\/MexRoja\/status\/1329925521598074880?ref_src=twsrc%5Etfw\">20 de noviembre de 2020<\/a><\/blockquote><\/div>\n<\/div><\/figure>\n\n\n\n<p>As\u00ed mismo, inform\u00f3 que en el domicilio de su hija se encuentran todas sus pertenencias por lo que no cree que se haya ido con la intenci\u00f3n de no volver m\u00e1s; adem\u00e1s que ya ha preguntado en el sitio de taxis \u201cAlameda\u201d, quienes se comprometieron a preguntar a los choferes, sin embargo, a\u00fan no hay ninguna pista del paradero de la familia.&nbsp;<\/p>\n\n\n\n<p>Tambi\u00e9n descart\u00f3 que la pareja sentimental de la joven tuviera algo que ver, ya est\u00e9 se encuentra trabajando en la Ciudad de M\u00e9xico y en cuanto se enter\u00f3 de los hechos regres\u00f3 a Oaxaca a acompa\u00f1arla en la b\u00fasqueda sin embargo tuvo que volver a su lugar de trabajo.&nbsp;<\/p>\n\n\n\n<p>Ante la posibilidad de que Fabiola se fuera sin decir nada por voluntad propia, Martha Edith asegur\u00f3 que ella en todo momento ha apoyado a su hija, por lo que le hizo un llamado para comunicarse y hacerle saber que est\u00e1 bien, al igual que los ni\u00f1os.<\/p>\n\n\n\n<p>\u201cYo s\u00f3lo quiero saber que est\u00e1 bien, que los ni\u00f1os est\u00e1n bien, es todo lo que quiero. Por eso les pido el apoyo para la b\u00fasqueda de mi hija, cualquier cosa pueden comunicarse conmigo al 951 232 6526\u201d, concluy\u00f3.<\/p>\n","protected":false},"excerpt":{"rendered":"<p>Evlin Arag\u00f3n\/Zona Roja. Oaxaca de Ju\u00e1rez, Oax., 21 de noviembre de 2020.- El pasado 7&hellip;<\/p>\n","protected":false},"author":2,"featured_media":20353,"comment_status":"closed","ping_status":"open","sticky":false,"template":"","format":"standard","meta":{"_lmt_disableupdate":"","_lmt_disable":"","_jetpack_memberships_contains_paid_content":false,"footnotes":""},"categories":[109,47],"tags":[2238],"class_list":["post-20352","post","type-post","status-publish","format-standard","has-post-thumbnail","hentry","category-minuto-a-minuto","category-zona-gris","tag-fabiola-guadalupe-reyes-vasquez"],"jetpack_featured_media_url":"https:\/\/zonaroja.com.mx\/wp-content\/uploads\/2020\/11\/Fabiola-Guadalupe-Reyes-Vasquez.png","jetpack_sharing_enabled":true,"_links":{"self":[{"href":"https:\/\/zonaroja.com.mx\/index.php?rest_route=\/wp\/v2\/posts\/20352","targetHints":{"allow":["GET"]}}],"collection":[{"href":"https:\/\/zonaroja.com.mx\/index.php?rest_route=\/wp\/v2\/posts"}],"about":[{"href":"https:\/\/zonaroja.com.mx\/index.php?rest_route=\/wp\/v2\/types\/post"}],"author":[{"embeddable":true,"href":"https:\/\/zonaroja.com.mx\/index.php?rest_route=\/wp\/v2\/users\/2"}],"replies":[{"embeddable":true,"href":"https:\/\/zonaroja.com.mx\/index.php?rest_route=%2Fwp%2Fv2%2Fcomments&post=20352"}],"version-history":[{"count":3,"href":"https:\/\/zonaroja.com.mx\/index.php?rest_route=\/wp\/v2\/posts\/20352\/revisions"}],"predecessor-version":[{"id":20356,"href":"https:\/\/zonaroja.com.mx\/index.php?rest_route=\/wp\/v2\/posts\/20352\/revisions\/20356"}],"wp:featuredmedia":[{"embeddable":true,"href":"https:\/\/zonaroja.com.mx\/index.php?rest_route=\/wp\/v2\/media\/20353"}],"wp:attachment":[{"href":"https:\/\/zonaroja.com.mx\/index.php?rest_route=%2Fwp%2Fv2%2Fmedia&parent=20352"}],"wp:term":[{"taxonomy":"category","embeddable":true,"href":"https:\/\/zonaroja.com.mx\/index.php?rest_route=%2Fwp%2Fv2%2Fcategories&post=20352"},{"taxonomy":"post_tag","embeddable":true,"href":"https:\/\/zonaroja.com.mx\/index.php?rest_route=%2Fwp%2Fv2%2Ftags&post=20352"}],"curies":[{"name":"wp","href":"https:\/\/api.w.org\/{rel}","templated":true}]}}