{"id":20363,"date":"2020-11-21T17:59:12","date_gmt":"2020-11-21T23:59:12","guid":{"rendered":"http:\/\/www.zonaroja.com.mx\/?p=20363"},"modified":"2020-11-21T17:59:16","modified_gmt":"2020-11-21T23:59:16","slug":"un-ano-sin-justicia-para-hijo-de-reportero-asesinado-en-la-cuenca","status":"publish","type":"post","link":"https:\/\/zonaroja.com.mx\/?p=20363","title":{"rendered":"Un a\u00f1o sin justicia para hijo de reportero asesinado en la Cuenca"},"content":{"rendered":"\n<p>Yuridiana Sosa\/Zona Roja.<\/p>\n\n\n\n<p>San Juan Bautista Tuxtepec, Oax., 21 de noviembre de 2020.- A un a\u00f1o del crimen, el reportero Ferm\u00edn Cabrera sigue a la espera de justicia por el asesinato de su hijo, Cirilo Carrera, en San Miguel Soyaltepec, regi\u00f3n de la Cuenca del Papaloapan.<\/p>\n\n\n\n<p>El joven hijo del comunicador fue agredido, sin motivo alguno, con el disparo de una escopeta por parte de otro ciudadano la noche del 20 de noviembre de 2019 en el centro de la poblaci\u00f3n conocida tambi\u00e9n como Temascal, al norte de Oaxaca y colindante con Veracruz.<\/p>\n\n\n\n<p>Por la gravedad de las heridas, Cirilo falleci\u00f3 en el Hospital General de Tuxtepec el 21 de noviembre. Su padre, Ferm\u00edn Carrera, record\u00f3 en su cuenta de Facebook el lamentable hecho y dedic\u00f3 unas palabras.<\/p>\n\n\n\n<p>\u201cA\u00fan no lo acepto, a\u00fan no lo asimilo. Quisiera que fuera s\u00f3lo un sue\u00f1o, pero desafortunadamente es una triste y dolorosa realidad\u201d, dice el inconsolable pap\u00e1, a quien la injusticia de las autoridades tambi\u00e9n le hace mella. \u201cSi no en la justicia del hombre, conf\u00edo en la justicia divina\u201d.<\/p>\n\n\n\n<p>Pues desde abril que el presunto asesino, Filiberto H.B., fue detenido por elementos de seguridad del Estado de M\u00e9xico y trasladado a Oaxaca, no se ha dictado sentencia.<\/p>\n\n\n\n<p>\u201c\u00bfPor qu\u00e9? Si t\u00fa no le hac\u00edas da\u00f1o a nadie. \u00bfPor qu\u00e9? Si t\u00fa solo viv\u00edas tu triste vida. \u00bfPor qu\u00e9? Si t\u00fa s\u00f3lo ibas a la casa a descansar. Eras un muchachito de un gran coraz\u00f3n, noble y sencillo\u201d, contin\u00faa el mensaje.<\/p>\n\n\n\n<p>A 12 meses de la tragedia, Ferm\u00edn trata de ser fuerte y expresa: \u201cCon todo el dolor de mi coraz\u00f3n debo aceptarlo y decir que s\u00f3lo te nos adelantaste y que pronto nos volveremos a ver en otro lugar, en otra dimensi\u00f3n. Te extra\u00f1amos\u201d.<\/p>\n\n\n\n<p>El comunicador ha reiterado que existen pruebas suficientes que inculpan al sujeto detenido, quien por el homicidio huy\u00f3 de Soyaltepec tras el rechazo de una negociaci\u00f3n con Ferm\u00edn para que no lo denunciara penalmente.<\/p>\n\n\n\n<p>Fue Cirilo quien al resultar herido llam\u00f3 a un familiar para pedir ayuda y declarar qui\u00e9n lo hab\u00eda agredido. La versi\u00f3n tambi\u00e9n fue confirmada por testigos del hecho, sostiene el padre.<\/p>\n\n\n\n<p>Hasta el momento, ni la Fiscal\u00eda General del Estado ni el Tribunal Superior de Justicia han retomado el caso.<\/p>\n","protected":false},"excerpt":{"rendered":"<p>Yuridiana Sosa\/Zona Roja. San Juan Bautista Tuxtepec, Oax., 21 de noviembre de 2020.- A un&hellip;<\/p>\n","protected":false},"author":2,"featured_media":20364,"comment_status":"closed","ping_status":"open","sticky":false,"template":"","format":"standard","meta":{"_lmt_disableupdate":"","_lmt_disable":"","_jetpack_memberships_contains_paid_content":false,"footnotes":""},"categories":[109,47],"tags":[1333],"class_list":["post-20363","post","type-post","status-publish","format-standard","has-post-thumbnail","hentry","category-minuto-a-minuto","category-zona-gris","tag-fermin-carrera"],"jetpack_featured_media_url":"https:\/\/zonaroja.com.mx\/wp-content\/uploads\/2020\/11\/Cirilo-Carrera.-Hijo-de-reportero-asesinado.jpg","jetpack_sharing_enabled":true,"_links":{"self":[{"href":"https:\/\/zonaroja.com.mx\/index.php?rest_route=\/wp\/v2\/posts\/20363","targetHints":{"allow":["GET"]}}],"collection":[{"href":"https:\/\/zonaroja.com.mx\/index.php?rest_route=\/wp\/v2\/posts"}],"about":[{"href":"https:\/\/zonaroja.com.mx\/index.php?rest_route=\/wp\/v2\/types\/post"}],"author":[{"embeddable":true,"href":"https:\/\/zonaroja.com.mx\/index.php?rest_route=\/wp\/v2\/users\/2"}],"replies":[{"embeddable":true,"href":"https:\/\/zonaroja.com.mx\/index.php?rest_route=%2Fwp%2Fv2%2Fcomments&post=20363"}],"version-history":[{"count":1,"href":"https:\/\/zonaroja.com.mx\/index.php?rest_route=\/wp\/v2\/posts\/20363\/revisions"}],"predecessor-version":[{"id":20365,"href":"https:\/\/zonaroja.com.mx\/index.php?rest_route=\/wp\/v2\/posts\/20363\/revisions\/20365"}],"wp:featuredmedia":[{"embeddable":true,"href":"https:\/\/zonaroja.com.mx\/index.php?rest_route=\/wp\/v2\/media\/20364"}],"wp:attachment":[{"href":"https:\/\/zonaroja.com.mx\/index.php?rest_route=%2Fwp%2Fv2%2Fmedia&parent=20363"}],"wp:term":[{"taxonomy":"category","embeddable":true,"href":"https:\/\/zonaroja.com.mx\/index.php?rest_route=%2Fwp%2Fv2%2Fcategories&post=20363"},{"taxonomy":"post_tag","embeddable":true,"href":"https:\/\/zonaroja.com.mx\/index.php?rest_route=%2Fwp%2Fv2%2Ftags&post=20363"}],"curies":[{"name":"wp","href":"https:\/\/api.w.org\/{rel}","templated":true}]}}